{"id":801,"date":"2022-10-17T22:01:43","date_gmt":"2022-10-18T01:01:43","guid":{"rendered":"https:\/\/www.correiodascidades.com.br\/v1\/?p=801"},"modified":"2022-10-31T21:29:31","modified_gmt":"2022-11-01T00:29:31","slug":"mais-um-prefeito-do-progressistas-troca-neto-por-jeronimo-no-2%e2%81%b0-turno","status":"publish","type":"post","link":"https:\/\/www.correiodascidades.com.br\/v1\/2022\/10\/17\/mais-um-prefeito-do-progressistas-troca-neto-por-jeronimo-no-2%e2%81%b0-turno\/","title":{"rendered":"Mais um prefeito do Progressistas troca Neto por Jer\u00f4nimo no 2\u2070 turno"},"content":{"rendered":"<p><img loading=\"lazy\" class=\"alignnone wp-image-802\" src=\"https:\/\/www.correiodascidades.com.br\/v1\/wp-content\/uploads\/2022\/10\/Jero1-300x191.jpg\" alt=\"\" width=\"611\" height=\"389\" srcset=\"https:\/\/www.correiodascidades.com.br\/v1\/wp-content\/uploads\/2022\/10\/Jero1-300x191.jpg 300w, https:\/\/www.correiodascidades.com.br\/v1\/wp-content\/uploads\/2022\/10\/Jero1.jpg 599w\" sizes=\"(max-width: 611px) 100vw, 611px\" \/><\/p>\n<h4><strong>Willian de Alem\u00e3o, prefeito de D\u00e1rio Meira, vice-prefeita e todos os nove vereadores declararam apoio ao petista<\/strong><\/h4>\n<p>O prefeito de D\u00e1rio Meira, Willian de Alem\u00e3o (Progressistas), anunciou, nesta segunda-feira (17), apoio ao candidato a governador da Bahia, Jer\u00f4nimo Rodrigues (PT), neste segundo turno da elei\u00e7\u00e3o estadual. Na primeira etapa, o pepista apoiou o ex-prefeito de Salvador, ACM Neto (Uni\u00e3o Brasil).<!--more--><\/p>\n<p>Conforme o gestor dariomeirense, a decis\u00e3o foi un\u00e2nime e comum acordo. \u201cA decis\u00e3o foi tomada em comum acordo com todo o grupo pol\u00edtico. A gente quando se elege, se elege para governar para o povo.<\/p>\n<p>D\u00e1rio Meira foi fortemente atingida pelas chuvas e o apoio do governador Rui Costa foi muito importante. Temos a certeza que Jer\u00f4nimo ir\u00e1 dar continuidade a esse trabalho brilhante realizado por toda a Bahia e em D\u00e1rio Meira\u201d, afirmou.<\/p>\n<p>Al\u00e9m do prefeito Willian de Alem\u00e3o, Jer\u00f4nimo conta com o apoio da vice-prefeita Marivane Dias, o presidente da C\u00e2mara, Selisvaldo da Silva, e todos os outros oito vereadores.<\/p>\n<p>&nbsp;<\/p>\n","protected":false},"excerpt":{"rendered":"<p>Willian de Alem\u00e3o, prefeito de D\u00e1rio Meira, vice-prefeita e todos os nove vereadores declararam apoio ao petista O prefeito de D\u00e1rio Meira, Willian de Alem\u00e3o (Progressistas), anunciou, nesta segunda-feira (17), apoio ao candidato a governador da Bahia, Jer\u00f4nimo Rodrigues (PT), neste segundo turno da elei\u00e7\u00e3o estadual. Na primeira etapa, o pepista apoiou o ex-prefeito de [&hellip;]<\/p>\n","protected":false},"author":3,"featured_media":802,"comment_status":"closed","ping_status":"closed","sticky":false,"template":"","format":"standard","meta":{"_links_to":"","_links_to_target":""},"categories":[11],"tags":[],"_links":{"self":[{"href":"https:\/\/www.correiodascidades.com.br\/v1\/wp-json\/wp\/v2\/posts\/801"}],"collection":[{"href":"https:\/\/www.correiodascidades.com.br\/v1\/wp-json\/wp\/v2\/posts"}],"about":[{"href":"https:\/\/www.correiodascidades.com.br\/v1\/wp-json\/wp\/v2\/types\/post"}],"author":[{"embeddable":true,"href":"https:\/\/www.correiodascidades.com.br\/v1\/wp-json\/wp\/v2\/users\/3"}],"replies":[{"embeddable":true,"href":"https:\/\/www.correiodascidades.com.br\/v1\/wp-json\/wp\/v2\/comments?post=801"}],"version-history":[{"count":2,"href":"https:\/\/www.correiodascidades.com.br\/v1\/wp-json\/wp\/v2\/posts\/801\/revisions"}],"predecessor-version":[{"id":805,"href":"https:\/\/www.correiodascidades.com.br\/v1\/wp-json\/wp\/v2\/posts\/801\/revisions\/805"}],"wp:featuredmedia":[{"embeddable":true,"href":"https:\/\/www.correiodascidades.com.br\/v1\/wp-json\/wp\/v2\/media\/802"}],"wp:attachment":[{"href":"https:\/\/www.correiodascidades.com.br\/v1\/wp-json\/wp\/v2\/media?parent=801"}],"wp:term":[{"taxonomy":"category","embeddable":true,"href":"https:\/\/www.correiodascidades.com.br\/v1\/wp-json\/wp\/v2\/categories?post=801"},{"taxonomy":"post_tag","embeddable":true,"href":"https:\/\/www.correiodascidades.com.br\/v1\/wp-json\/wp\/v2\/tags?post=801"}],"curies":[{"name":"wp","href":"https:\/\/api.w.org\/{rel}","templated":true}]}}