{"id":8049,"date":"2023-12-04T13:36:13","date_gmt":"2023-12-04T16:36:13","guid":{"rendered":"https:\/\/www.correiodascidades.com.br\/v1\/?p=8049"},"modified":"2023-12-04T13:36:13","modified_gmt":"2023-12-04T16:36:13","slug":"falta-de-energia-eletrica-em-castelo-novo-prejudica-o-fornecimento-de-agua-a-itabuna","status":"publish","type":"post","link":"https:\/\/www.correiodascidades.com.br\/v1\/2023\/12\/04\/falta-de-energia-eletrica-em-castelo-novo-prejudica-o-fornecimento-de-agua-a-itabuna\/","title":{"rendered":"Falta de energia el\u00e9trica em Castelo Novo prejudica o fornecimento de \u00e1gua a Itabuna"},"content":{"rendered":"<p><img loading=\"lazy\" class=\"\" src=\"https:\/\/www.correiodascidades.com.br\/v1\/wp-content\/uploads\/2023\/12\/c4797dee-9f23-4e8c-9b4e-f8e9d09fdb41-embasa.jpg\" width=\"491\" height=\"327\" \/><\/p>\n<p>A interrup\u00e7\u00e3o no fornecimento de energia el\u00e9trica domingo, dia 3, por mais de 12 horas, na Esta\u00e7\u00e3o de Capta\u00e7\u00e3o de \u00c1gua, em Castelo Novo, distrito de Ilh\u00e9us, pela Neoenergia Coelba comprometeu todo o sistema de abastecimento de \u00e1gua da Empresa Municipal de \u00c1guas e Saneamento (EMASA) para a popula\u00e7\u00e3o de Itabuna.<\/p>\n<p>Com a previs\u00e3o da onda de forte calor e a falta de chuvas nos pr\u00f3ximos meses, a EMASA voltou a captar \u00e1gua em Castelo Novo. Al\u00e9m disso, vem ampliando a capta\u00e7\u00e3o no Rio Cachoeira, atrav\u00e9s da esta\u00e7\u00e3o de Nova Ferradas, que recebe \u00e1gua por gravidade da Barragem do Rio Col\u00f4nia.<\/p>\n<p>\u201cCom a falta de energia em Castelo Novo, fomos obrigados a parar toda a produ\u00e7\u00e3o de \u00e1gua na Esta\u00e7\u00e3o de Tratamento do S\u00e3o Louren\u00e7o e, consequentemente, o fornecimento de \u00e1gua para as localidades que estavam programadas para ontem\u201d, disse o gerente T\u00e9cnico da EMASA Jo\u00e3o Bitencourt.\u00a0 <!--more--><\/p>\n<p>\u201cA interrup\u00e7\u00e3o do fornecimento de energia el\u00e9trica \u00e0 capta\u00e7\u00e3o ocorreu \u00e0s 7 horas, mas somente foi restabelecido por volta das 19 horas\u201d, afirmou. Ainda segundo Jo\u00e3o Bitencourt para cada hora de paralisa\u00e7\u00e3o a empresa necessita de at\u00e9 10 horas para ativar a produ\u00e7\u00e3o e iniciar a distribui\u00e7\u00e3o.<\/p>\n<p>A EMASA vem adotando medidas para evitar o racionamento de \u00e1gua, uma dessas iniciativas foi retomar a capta\u00e7\u00e3o em Castelo Novo, porque o n\u00edvel da \u00e1gua em Rio do Bra\u00e7o, tamb\u00e9m em Ilh\u00e9us, sofreu uma forte baixa, por causa dos impactos do fen\u00f4meno clim\u00e1tico El Ni\u00f1o.<\/p>\n<p>\u201cDiante desse quadro adverso, \u00e9 fundamental que a popula\u00e7\u00e3o itabunense adote medidas prudentes e respons\u00e1veis na utiliza\u00e7\u00e3o da \u00e1gua, evitando o desperd\u00edcio, fazendo uso consciente e o reuso quando poss\u00edvel\u201d, recomendou Jo\u00e3o Bitencourt.<\/p>\n","protected":false},"excerpt":{"rendered":"<p>A interrup\u00e7\u00e3o no fornecimento de energia el\u00e9trica domingo, dia 3, por mais de 12 horas, na Esta\u00e7\u00e3o de Capta\u00e7\u00e3o de \u00c1gua, em Castelo Novo, distrito de Ilh\u00e9us, pela Neoenergia Coelba comprometeu todo o sistema de abastecimento de \u00e1gua da Empresa Municipal de \u00c1guas e Saneamento (EMASA) para a popula\u00e7\u00e3o de Itabuna. Com a previs\u00e3o da [&hellip;]<\/p>\n","protected":false},"author":3,"featured_media":8050,"comment_status":"closed","ping_status":"closed","sticky":false,"template":"","format":"standard","meta":{"_links_to":"","_links_to_target":""},"categories":[11],"tags":[],"_links":{"self":[{"href":"https:\/\/www.correiodascidades.com.br\/v1\/wp-json\/wp\/v2\/posts\/8049"}],"collection":[{"href":"https:\/\/www.correiodascidades.com.br\/v1\/wp-json\/wp\/v2\/posts"}],"about":[{"href":"https:\/\/www.correiodascidades.com.br\/v1\/wp-json\/wp\/v2\/types\/post"}],"author":[{"embeddable":true,"href":"https:\/\/www.correiodascidades.com.br\/v1\/wp-json\/wp\/v2\/users\/3"}],"replies":[{"embeddable":true,"href":"https:\/\/www.correiodascidades.com.br\/v1\/wp-json\/wp\/v2\/comments?post=8049"}],"version-history":[{"count":1,"href":"https:\/\/www.correiodascidades.com.br\/v1\/wp-json\/wp\/v2\/posts\/8049\/revisions"}],"predecessor-version":[{"id":8051,"href":"https:\/\/www.correiodascidades.com.br\/v1\/wp-json\/wp\/v2\/posts\/8049\/revisions\/8051"}],"wp:featuredmedia":[{"embeddable":true,"href":"https:\/\/www.correiodascidades.com.br\/v1\/wp-json\/wp\/v2\/media\/8050"}],"wp:attachment":[{"href":"https:\/\/www.correiodascidades.com.br\/v1\/wp-json\/wp\/v2\/media?parent=8049"}],"wp:term":[{"taxonomy":"category","embeddable":true,"href":"https:\/\/www.correiodascidades.com.br\/v1\/wp-json\/wp\/v2\/categories?post=8049"},{"taxonomy":"post_tag","embeddable":true,"href":"https:\/\/www.correiodascidades.com.br\/v1\/wp-json\/wp\/v2\/tags?post=8049"}],"curies":[{"name":"wp","href":"https:\/\/api.w.org\/{rel}","templated":true}]}}