{"id":8357,"date":"2023-12-24T19:39:48","date_gmt":"2023-12-24T22:39:48","guid":{"rendered":"https:\/\/www.correiodascidades.com.br\/v1\/?p=8357"},"modified":"2023-12-24T19:39:48","modified_gmt":"2023-12-24T22:39:48","slug":"sindiferro-inaugura-escritorio-em-brasilia-df","status":"publish","type":"post","link":"https:\/\/www.correiodascidades.com.br\/v1\/2023\/12\/24\/sindiferro-inaugura-escritorio-em-brasilia-df\/","title":{"rendered":"SINDIFERRO INAUGURA ESCRIT\u00d3RIO EM BRAS\u00cdLIA-DF"},"content":{"rendered":"<h2 class=\"roboto-condensed text-uppercase\">Dia hist\u00f3rico! O SINDIFERRO inaugurou oficialmente, nesta quarta-feira (13\/12\/2023), seu novo escrit\u00f3rio, em Bras\u00edlia-DF.<\/h2>\n<p><a class=\"fancybox image\" href=\"http:\/\/www.sindiferro.org.br\/wp-content\/uploads\/2023\/12\/escrito.jpg\" class=\"gallery_colorbox\"><img loading=\"lazy\" class=\"alignnone size-medium wp-image-14253\" src=\"http:\/\/www.sindiferro.org.br\/wp-content\/uploads\/2023\/12\/escrito-300x225.jpg\"  sizes=\"(max-width: 300px) 100vw, 300px\" srcset=\"https:\/\/www.sindiferro.org.br\/wp-content\/uploads\/2023\/12\/escrito-300x225.jpg 300w, https:\/\/www.sindiferro.org.br\/wp-content\/uploads\/2023\/12\/escrito-1024x768.jpg 1024w, https:\/\/www.sindiferro.org.br\/wp-content\/uploads\/2023\/12\/escrito-768x576.jpg 768w, https:\/\/www.sindiferro.org.br\/wp-content\/uploads\/2023\/12\/escrito.jpg 1280w\" alt=\"\" width=\"300\" height=\"225\" \/>\u00a0\u00a0\u00a0\u00a0\u00a0\u00a0 <\/a><a class=\"fancybox image\" href=\"http:\/\/www.sindiferro.org.br\/wp-content\/uploads\/2023\/12\/escrit-2.jpg\" class=\"gallery_colorbox\"><img loading=\"lazy\" class=\"alignnone  wp-image-14255\" src=\"http:\/\/www.sindiferro.org.br\/wp-content\/uploads\/2023\/12\/escrit-2-300x135.jpg\"  sizes=\"(max-width: 300px) 100vw, 300px\" srcset=\"https:\/\/www.sindiferro.org.br\/wp-content\/uploads\/2023\/12\/escrit-2-300x135.jpg 300w, https:\/\/www.sindiferro.org.br\/wp-content\/uploads\/2023\/12\/escrit-2-1024x461.jpg 1024w, https:\/\/www.sindiferro.org.br\/wp-content\/uploads\/2023\/12\/escrit-2-768x345.jpg 768w, https:\/\/www.sindiferro.org.br\/wp-content\/uploads\/2023\/12\/escrit-2.jpg 1156w\" alt=\"\" width=\"496\" height=\"223\" \/><\/a><\/p>\n<p>Estiveram presentes no ato: o Coordenador-Geral, Paulino Moura; Diretor Administrativo e Financeiro, Manoel Cunha; Deputado Federal, Joseildo Ramos (PT\/BA); presidente do PT de Bras\u00edlia-DF, Jacy Afonso; Secret\u00e1rio Estadual da CUT-Bras\u00edlia-DF, Roberto Miguel; Diretor Estadual da CUT-BA, Antonio Eduardo; Presidente do Sindicato dos Ferrovi\u00e1rios da Central do Brasil, Valmir de Lemos; Presidente do Sindicato dos Ferrovi\u00e1rios do Piau\u00ed, Jos\u00e9 Cle\u00f3fas; diretores do SINDIFERRO e o Advogado da FITF\/CNTTL\/CUT e do SINDIFERRO, Dr. Herbert Moura. A nova base do SINDIFERRO, que fica no Condom\u00ednio Baracat, sala 211, no Bairro Asa Sul, vem para facilitar o relacionamento da entidade e de seus representados com o Executivo, o Congresso Nacional e as demais reparti\u00e7\u00f5es p\u00fablicas sediadas na Capital Federal. A luta ser\u00e1 ainda mais forte ! Pra cima, SINDIFERRO !<\/p>\n<p><a class=\"fancybox image\" href=\"http:\/\/www.sindiferro.org.br\/wp-content\/uploads\/2023\/12\/escrit-2.jpg\" class=\"gallery_colorbox\"><img loading=\"lazy\" class=\"alignnone size-medium wp-image-14255\" src=\"http:\/\/www.sindiferro.org.br\/wp-content\/uploads\/2023\/12\/escrit-2-300x135.jpg\"  sizes=\"(max-width: 300px) 100vw, 300px\" srcset=\"https:\/\/www.sindiferro.org.br\/wp-content\/uploads\/2023\/12\/escrit-2-300x135.jpg 300w, https:\/\/www.sindiferro.org.br\/wp-content\/uploads\/2023\/12\/escrit-2-1024x461.jpg 1024w, https:\/\/www.sindiferro.org.br\/wp-content\/uploads\/2023\/12\/escrit-2-768x345.jpg 768w, https:\/\/www.sindiferro.org.br\/wp-content\/uploads\/2023\/12\/escrit-2.jpg 1156w\" alt=\"\" width=\"300\" height=\"135\" \/><\/a><\/p>\n","protected":false},"excerpt":{"rendered":"<p>Dia hist\u00f3rico! O SINDIFERRO inaugurou oficialmente, nesta quarta-feira (13\/12\/2023), seu novo escrit\u00f3rio, em Bras\u00edlia-DF. \u00a0\u00a0\u00a0\u00a0\u00a0\u00a0 Estiveram presentes no ato: o Coordenador-Geral, Paulino Moura; Diretor Administrativo e Financeiro, Manoel Cunha; Deputado Federal, Joseildo Ramos (PT\/BA); presidente do PT de Bras\u00edlia-DF, Jacy Afonso; Secret\u00e1rio Estadual da CUT-Bras\u00edlia-DF, Roberto Miguel; Diretor Estadual da CUT-BA, Antonio Eduardo; Presidente do [&hellip;]<\/p>\n","protected":false},"author":3,"featured_media":8358,"comment_status":"closed","ping_status":"closed","sticky":false,"template":"","format":"standard","meta":{"_links_to":"","_links_to_target":""},"categories":[1],"tags":[],"_links":{"self":[{"href":"https:\/\/www.correiodascidades.com.br\/v1\/wp-json\/wp\/v2\/posts\/8357"}],"collection":[{"href":"https:\/\/www.correiodascidades.com.br\/v1\/wp-json\/wp\/v2\/posts"}],"about":[{"href":"https:\/\/www.correiodascidades.com.br\/v1\/wp-json\/wp\/v2\/types\/post"}],"author":[{"embeddable":true,"href":"https:\/\/www.correiodascidades.com.br\/v1\/wp-json\/wp\/v2\/users\/3"}],"replies":[{"embeddable":true,"href":"https:\/\/www.correiodascidades.com.br\/v1\/wp-json\/wp\/v2\/comments?post=8357"}],"version-history":[{"count":1,"href":"https:\/\/www.correiodascidades.com.br\/v1\/wp-json\/wp\/v2\/posts\/8357\/revisions"}],"predecessor-version":[{"id":8359,"href":"https:\/\/www.correiodascidades.com.br\/v1\/wp-json\/wp\/v2\/posts\/8357\/revisions\/8359"}],"wp:featuredmedia":[{"embeddable":true,"href":"https:\/\/www.correiodascidades.com.br\/v1\/wp-json\/wp\/v2\/media\/8358"}],"wp:attachment":[{"href":"https:\/\/www.correiodascidades.com.br\/v1\/wp-json\/wp\/v2\/media?parent=8357"}],"wp:term":[{"taxonomy":"category","embeddable":true,"href":"https:\/\/www.correiodascidades.com.br\/v1\/wp-json\/wp\/v2\/categories?post=8357"},{"taxonomy":"post_tag","embeddable":true,"href":"https:\/\/www.correiodascidades.com.br\/v1\/wp-json\/wp\/v2\/tags?post=8357"}],"curies":[{"name":"wp","href":"https:\/\/api.w.org\/{rel}","templated":true}]}}