{"id":8360,"date":"2023-12-24T19:52:52","date_gmt":"2023-12-24T22:52:52","guid":{"rendered":"https:\/\/www.correiodascidades.com.br\/v1\/?p=8360"},"modified":"2023-12-24T19:53:39","modified_gmt":"2023-12-24T22:53:39","slug":"ilheus-como-vai-funcionaro-comercio-neste-final-de-ano-se-ligue","status":"publish","type":"post","link":"https:\/\/www.correiodascidades.com.br\/v1\/2023\/12\/24\/ilheus-como-vai-funcionaro-comercio-neste-final-de-ano-se-ligue\/","title":{"rendered":"ILH\u00c9US: Como vai funcionar o com\u00e9rcio neste final de ano se ligue"},"content":{"rendered":"<p><img loading=\"lazy\" class=\"\" src=\"https:\/\/www.correiodascidades.com.br\/v1\/wp-content\/uploads\/2023\/12\/1_rua_grande___karlos_geromy-166308.jpg\" width=\"590\" height=\"393\" \/><\/p>\n<p>Com\u00e9rcio de Ilh\u00e9us amplia hor\u00e1rio de funcionamento para compras de fim de ano;<br \/>\nConfira a seguir.<\/p>\n<p>Domingo (24), v\u00e9spera do Natal, os consumidores poder\u00e3o realizar as compras das 9h \u00e0s 17h. \u00a0Ter\u00e7a-feira (26\/12), das 9h \u00e0s 20h;<\/p>\n<p>&#8211; Quarta-feira (27\/12), das 9h \u00e0s 20h; \u00a0Quinta-feira (28\/12), das 9h \u00e0s 20h; \u00a0Sexta-feira (29\/12), das 9h \u00e0s 20h; S\u00e1bado (30\/12), das 9h \u00e0s 20h<\/p>\n<p><img loading=\"lazy\" class=\"alignnone size-full wp-image-8362\" src=\"https:\/\/www.correiodascidades.com.br\/v1\/wp-content\/uploads\/2023\/12\/OIP.jpg\" alt=\"\" width=\"474\" height=\"316\" srcset=\"https:\/\/www.correiodascidades.com.br\/v1\/wp-content\/uploads\/2023\/12\/OIP.jpg 474w, https:\/\/www.correiodascidades.com.br\/v1\/wp-content\/uploads\/2023\/12\/OIP-300x200.jpg 300w\" sizes=\"(max-width: 474px) 100vw, 474px\" \/><\/p>\n<p>No domingo (31), o movimento no com\u00e9rcio de Ilh\u00e9us ocorrer\u00e1 das 9h \u00e0s 15h.<\/p>\n<p><img loading=\"lazy\" class=\"alignnone wp-image-8363\" src=\"https:\/\/www.correiodascidades.com.br\/v1\/wp-content\/uploads\/2023\/12\/th-esta.jpg\" alt=\"\" width=\"583\" height=\"401\" \/><\/p>\n","protected":false},"excerpt":{"rendered":"<p>Com\u00e9rcio de Ilh\u00e9us amplia hor\u00e1rio de funcionamento para compras de fim de ano; Confira a seguir. Domingo (24), v\u00e9spera do Natal, os consumidores poder\u00e3o realizar as compras das 9h \u00e0s 17h. \u00a0Ter\u00e7a-feira (26\/12), das 9h \u00e0s 20h; &#8211; Quarta-feira (27\/12), das 9h \u00e0s 20h; \u00a0Quinta-feira (28\/12), das 9h \u00e0s 20h; \u00a0Sexta-feira (29\/12), das 9h \u00e0s [&hellip;]<\/p>\n","protected":false},"author":3,"featured_media":8361,"comment_status":"closed","ping_status":"closed","sticky":false,"template":"","format":"standard","meta":{"_links_to":"","_links_to_target":""},"categories":[1],"tags":[],"_links":{"self":[{"href":"https:\/\/www.correiodascidades.com.br\/v1\/wp-json\/wp\/v2\/posts\/8360"}],"collection":[{"href":"https:\/\/www.correiodascidades.com.br\/v1\/wp-json\/wp\/v2\/posts"}],"about":[{"href":"https:\/\/www.correiodascidades.com.br\/v1\/wp-json\/wp\/v2\/types\/post"}],"author":[{"embeddable":true,"href":"https:\/\/www.correiodascidades.com.br\/v1\/wp-json\/wp\/v2\/users\/3"}],"replies":[{"embeddable":true,"href":"https:\/\/www.correiodascidades.com.br\/v1\/wp-json\/wp\/v2\/comments?post=8360"}],"version-history":[{"count":2,"href":"https:\/\/www.correiodascidades.com.br\/v1\/wp-json\/wp\/v2\/posts\/8360\/revisions"}],"predecessor-version":[{"id":8366,"href":"https:\/\/www.correiodascidades.com.br\/v1\/wp-json\/wp\/v2\/posts\/8360\/revisions\/8366"}],"wp:featuredmedia":[{"embeddable":true,"href":"https:\/\/www.correiodascidades.com.br\/v1\/wp-json\/wp\/v2\/media\/8361"}],"wp:attachment":[{"href":"https:\/\/www.correiodascidades.com.br\/v1\/wp-json\/wp\/v2\/media?parent=8360"}],"wp:term":[{"taxonomy":"category","embeddable":true,"href":"https:\/\/www.correiodascidades.com.br\/v1\/wp-json\/wp\/v2\/categories?post=8360"},{"taxonomy":"post_tag","embeddable":true,"href":"https:\/\/www.correiodascidades.com.br\/v1\/wp-json\/wp\/v2\/tags?post=8360"}],"curies":[{"name":"wp","href":"https:\/\/api.w.org\/{rel}","templated":true}]}}