{"id":8505,"date":"2024-01-04T04:32:46","date_gmt":"2024-01-04T07:32:46","guid":{"rendered":"https:\/\/www.correiodascidades.com.br\/v1\/?p=8505"},"modified":"2024-01-04T04:32:46","modified_gmt":"2024-01-04T07:32:46","slug":"operacao-garra-de-arquimedes-apreende-53-kg-de-drogas-no-bairro-zizo","status":"publish","type":"post","link":"https:\/\/www.correiodascidades.com.br\/v1\/2024\/01\/04\/operacao-garra-de-arquimedes-apreende-53-kg-de-drogas-no-bairro-zizo\/","title":{"rendered":"Opera\u00e7\u00e3o Garra de Arquimedes apreende 53 kg de drogas no bairro Zizo"},"content":{"rendered":"<h3 class=\"post-title entry-title\"><\/h3>\n<div id=\"post-body-5250512449436360454\" class=\"post-body entry-content\">\n<div class=\"separator\"><img loading=\"lazy\" src=\"https:\/\/blogger.googleusercontent.com\/img\/a\/AVvXsEiQ1nQhycor6UqCrI_6BgnIHX0BeToKjb22SFkawHNrLtVOtpKIbWErqWgKIh6mNFDbH7xqwfrtiqbmYjYsLyk3hHJg1TARmRcn1ThdeMNV4oN83YttGm2jTjDAYNUtWbncVzeeQ6F6EBhg1wS0LYoyb9GVpq208aFmLlNgoqAmORuxZN3NJd6u5kBi23YG=w415-h376\" width=\"415\" height=\"376\" border=\"0\" \/><\/div>\n<div class=\"separator\">A Pol\u00edcia Militar da Bahia na tarde desta quarta-feira (03), apreendeu 53 kg de subst\u00e2ncia an\u00e1loga \u00e0 maconha no bairro Zizo, em Itabuna.<\/div>\n<div class=\"separator\"><\/div>\n<div class=\"separator\">Realizada mais uma etapa da Opera\u00e7\u00e3o Garra de Arquimedes, o 15\u00b0 Batalh\u00e3o de Pol\u00edcia Militar se deslocou ao bairro e apreendeu, ap\u00f3s uma den\u00fancia an\u00f4nima, drogas. A pol\u00edcia apresentou as embalagens dos entorpecentes, as balan\u00e7as de precis\u00e3o, e frascos para lan\u00e7a perfume, alem das drogas sint\u00e9ticas.<\/div>\n<div class=\"google-auto-placed ap_container\"><ins class=\"adsbygoogle adsbygoogle-noablate\" data-ad-format=\"auto\" data-ad-client=\"ca-pub-1367172027914602\" data-adsbygoogle-status=\"done\"><\/p>\n<div id=\"aswift_4_host\"><\/div>\n<p><\/ins><\/div>\n<div class=\"separator\"><\/div>\n<div class=\"separator\">O im\u00f3vel que est\u00e1 abandonado servia para dep\u00f3sito de todo material que foi entregue \u00e0 autoridade policial para ser tomada \u00e0s medidas cab\u00edveis legais. Ningu\u00e9m foi preso.<\/div>\n<div class=\"separator\"><\/div>\n<div class=\"separator\">A Constitui\u00e7\u00e3o Federal prev\u00ea a desapropria\u00e7\u00e3o de im\u00f3veis quando por interesse social o seu uso n\u00e3o confere ao bem estar social.<\/div>\n<div class=\"separator\"><\/div>\n<div class=\"separator\">Dentre o material apreendido est\u00e3o os 53 kg de subst\u00e2ncia entorpecente, 16 por\u00e7\u00f5es de droga sint\u00e9tica, cinco balan\u00e7as de precis\u00e3o, al\u00e9m de v\u00e1rios frascos para acondicionar o lan\u00e7a perfume.<\/div>\n<\/div>\n","protected":false},"excerpt":{"rendered":"<p>A Pol\u00edcia Militar da Bahia na tarde desta quarta-feira (03), apreendeu 53 kg de subst\u00e2ncia an\u00e1loga \u00e0 maconha no bairro Zizo, em Itabuna. Realizada mais uma etapa da Opera\u00e7\u00e3o Garra de Arquimedes, o 15\u00b0 Batalh\u00e3o de Pol\u00edcia Militar se deslocou ao bairro e apreendeu, ap\u00f3s uma den\u00fancia an\u00f4nima, drogas. A pol\u00edcia apresentou as embalagens dos [&hellip;]<\/p>\n","protected":false},"author":3,"featured_media":8500,"comment_status":"closed","ping_status":"closed","sticky":false,"template":"","format":"standard","meta":{"_links_to":"","_links_to_target":""},"categories":[2],"tags":[],"_links":{"self":[{"href":"https:\/\/www.correiodascidades.com.br\/v1\/wp-json\/wp\/v2\/posts\/8505"}],"collection":[{"href":"https:\/\/www.correiodascidades.com.br\/v1\/wp-json\/wp\/v2\/posts"}],"about":[{"href":"https:\/\/www.correiodascidades.com.br\/v1\/wp-json\/wp\/v2\/types\/post"}],"author":[{"embeddable":true,"href":"https:\/\/www.correiodascidades.com.br\/v1\/wp-json\/wp\/v2\/users\/3"}],"replies":[{"embeddable":true,"href":"https:\/\/www.correiodascidades.com.br\/v1\/wp-json\/wp\/v2\/comments?post=8505"}],"version-history":[{"count":1,"href":"https:\/\/www.correiodascidades.com.br\/v1\/wp-json\/wp\/v2\/posts\/8505\/revisions"}],"predecessor-version":[{"id":8507,"href":"https:\/\/www.correiodascidades.com.br\/v1\/wp-json\/wp\/v2\/posts\/8505\/revisions\/8507"}],"wp:featuredmedia":[{"embeddable":true,"href":"https:\/\/www.correiodascidades.com.br\/v1\/wp-json\/wp\/v2\/media\/8500"}],"wp:attachment":[{"href":"https:\/\/www.correiodascidades.com.br\/v1\/wp-json\/wp\/v2\/media?parent=8505"}],"wp:term":[{"taxonomy":"category","embeddable":true,"href":"https:\/\/www.correiodascidades.com.br\/v1\/wp-json\/wp\/v2\/categories?post=8505"},{"taxonomy":"post_tag","embeddable":true,"href":"https:\/\/www.correiodascidades.com.br\/v1\/wp-json\/wp\/v2\/tags?post=8505"}],"curies":[{"name":"wp","href":"https:\/\/api.w.org\/{rel}","templated":true}]}}