{"id":8508,"date":"2024-01-04T04:35:33","date_gmt":"2024-01-04T07:35:33","guid":{"rendered":"https:\/\/www.correiodascidades.com.br\/v1\/?p=8508"},"modified":"2024-01-04T04:35:33","modified_gmt":"2024-01-04T07:35:33","slug":"pastor-sai-ileso-de-capotamento-na-br-420-em-santa-ines","status":"publish","type":"post","link":"https:\/\/www.correiodascidades.com.br\/v1\/2024\/01\/04\/pastor-sai-ileso-de-capotamento-na-br-420-em-santa-ines\/","title":{"rendered":"Pastor sai ileso de capotamento na BR-420, em Santa In\u00eas"},"content":{"rendered":"<p><img loading=\"lazy\" class=\"attachment-jannah-image-post  wp-post-image entered lazyloaded\" title=\"Captura de tela 2024 01 03 081950\" src=\"https:\/\/i0.wp.com\/midiabahia.com.br\/wp-content\/uploads\/2024\/01\/Captura-de-tela-2024-01-03-081950.png?resize=700%2C470&amp;ssl=1\" alt=\"carro de capotado na BR-420\" width=\"509\" height=\"342\" data-perfmatters-preload=\"\" data-main-img=\"1\" data-lazy-src=\"https:\/\/i0.wp.com\/midiabahia.com.br\/wp-content\/uploads\/2024\/01\/Captura-de-tela-2024-01-03-081950.png?resize=700%2C470&amp;ssl=1\" data-pagespeed-url-hash=\"2018079581\" data-ll-status=\"loaded\" \/><\/p>\n<p>Um pastor capotou um ve\u00edculo na BR-420, no trecho do munic\u00edpio de\u00a0<a href=\"https:\/\/midiabahia.com.br\/preso-por-suspeita-de-trafico-de-drogas-em-santa-ines-e-solto-em-audiencia-de-custodia\/\" data-type=\"post\" data-id=\"8807555\"><strong>Santa In\u00eas<\/strong><\/a>, no Vale do Jiquiri\u00e7\u00e1.<\/p>\n<p>Conforme informa\u00e7\u00f5es apuradas pelo M\u00eddia Bahia, o acidente aconteceu por volta das 17h, desta ter\u00e7a-feira (2), o condutor era o pastor evang\u00e9lico conhecido como Valverde, ele saiu ileso.<\/p>\n<p>Ele teria tentado uma ultrapassagem a uma motocicleta quando perdeu o controle da dire\u00e7\u00e3o.<\/p>\n","protected":false},"excerpt":{"rendered":"<p>Um pastor capotou um ve\u00edculo na BR-420, no trecho do munic\u00edpio de\u00a0Santa In\u00eas, no Vale do Jiquiri\u00e7\u00e1. Conforme informa\u00e7\u00f5es apuradas pelo M\u00eddia Bahia, o acidente aconteceu por volta das 17h, desta ter\u00e7a-feira (2), o condutor era o pastor evang\u00e9lico conhecido como Valverde, ele saiu ileso. Ele teria tentado uma ultrapassagem a uma motocicleta quando perdeu [&hellip;]<\/p>\n","protected":false},"author":3,"featured_media":8493,"comment_status":"closed","ping_status":"closed","sticky":false,"template":"","format":"standard","meta":{"_links_to":"","_links_to_target":""},"categories":[1],"tags":[],"_links":{"self":[{"href":"https:\/\/www.correiodascidades.com.br\/v1\/wp-json\/wp\/v2\/posts\/8508"}],"collection":[{"href":"https:\/\/www.correiodascidades.com.br\/v1\/wp-json\/wp\/v2\/posts"}],"about":[{"href":"https:\/\/www.correiodascidades.com.br\/v1\/wp-json\/wp\/v2\/types\/post"}],"author":[{"embeddable":true,"href":"https:\/\/www.correiodascidades.com.br\/v1\/wp-json\/wp\/v2\/users\/3"}],"replies":[{"embeddable":true,"href":"https:\/\/www.correiodascidades.com.br\/v1\/wp-json\/wp\/v2\/comments?post=8508"}],"version-history":[{"count":1,"href":"https:\/\/www.correiodascidades.com.br\/v1\/wp-json\/wp\/v2\/posts\/8508\/revisions"}],"predecessor-version":[{"id":8509,"href":"https:\/\/www.correiodascidades.com.br\/v1\/wp-json\/wp\/v2\/posts\/8508\/revisions\/8509"}],"wp:featuredmedia":[{"embeddable":true,"href":"https:\/\/www.correiodascidades.com.br\/v1\/wp-json\/wp\/v2\/media\/8493"}],"wp:attachment":[{"href":"https:\/\/www.correiodascidades.com.br\/v1\/wp-json\/wp\/v2\/media?parent=8508"}],"wp:term":[{"taxonomy":"category","embeddable":true,"href":"https:\/\/www.correiodascidades.com.br\/v1\/wp-json\/wp\/v2\/categories?post=8508"},{"taxonomy":"post_tag","embeddable":true,"href":"https:\/\/www.correiodascidades.com.br\/v1\/wp-json\/wp\/v2\/tags?post=8508"}],"curies":[{"name":"wp","href":"https:\/\/api.w.org\/{rel}","templated":true}]}}