{"id":8510,"date":"2024-01-04T04:55:17","date_gmt":"2024-01-04T07:55:17","guid":{"rendered":"https:\/\/www.correiodascidades.com.br\/v1\/?p=8510"},"modified":"2024-01-04T04:55:17","modified_gmt":"2024-01-04T07:55:17","slug":"governo-brasileiro-condena-atentado-no-ira","status":"publish","type":"post","link":"https:\/\/www.correiodascidades.com.br\/v1\/2024\/01\/04\/governo-brasileiro-condena-atentado-no-ira\/","title":{"rendered":"Governo brasileiro condena atentado no Ir\u00e3"},"content":{"rendered":"<p><img loading=\"lazy\" class=\"\" src=\"https:\/\/www.correiodascidades.com.br\/v1\/wp-content\/uploads\/2024\/01\/images-ira-dois.jpg\" width=\"521\" height=\"292\" \/><\/p>\n<p>O\u00a0Itamaraty divulgou nota oficial, nesta quarta-feira (3), em que condena o<a href=\"https:\/\/agenciabrasil.ebc.com.br\/internacional\/noticia\/2024-01\/atentado-em-cemiterio-no-irao-deixa-pelo-menos-20-mortos\" target=\"_blank\" rel=\"noopener\">\u00a0ataque com explosivos<\/a>\u00a0que resultou na morte de cerca de 100 pessoas e deixou mais de 200 feridos na cidade de Kerman, no Ir\u00e3, durante cerim\u00f4nia alusiva aos quatro anos da morte do general Qassem Soleimani, ex-comandante da For\u00e7a Quds da Guarda Revolucion\u00e1ria iraniana.<img src=\"https:\/\/agenciabrasil.ebc.com.br\/ebc.png?id=1575115&amp;o=node\" \/><img src=\"https:\/\/agenciabrasil.ebc.com.br\/ebc.gif?id=1575115&amp;o=node\" \/><\/p>\n<p>&#8220;Ao expressar suas condol\u00eancias aos familiares das v\u00edtimas e sua solidariedade ao povo e ao governo da Rep\u00fablica Isl\u00e2mica do Ir\u00e3, o Brasil reitera seu mais firme rep\u00fadio a todo e qualquer ato de terrorismo&#8221;, diz a nota.<\/p>\n<p>Soleimani, que era um dos principais l\u00edderes militares do pa\u00eds persa,<a href=\"https:\/\/agenciabrasil.ebc.com.br\/internacional\/noticia\/2020-01\/general-iraniano-e-morto-em-ataque-aereo-americano\" target=\"_blank\" rel=\"noopener\">\u00a0foi morto<\/a> no dia 3 de janeiro de 2020, em Bagd\u00e1, no Iraque, em decorr\u00eancia de um ataque de drone executado pelos Estados Unidos, por ordem do ent\u00e3o presidente Donald Trump.<\/p>\n<p><img loading=\"lazy\" class=\"alignnone  wp-image-8512\" src=\"https:\/\/www.correiodascidades.com.br\/v1\/wp-content\/uploads\/2024\/01\/transferir-ira.jpg\" alt=\"\" width=\"502\" height=\"251\" srcset=\"https:\/\/www.correiodascidades.com.br\/v1\/wp-content\/uploads\/2024\/01\/transferir-ira.jpg 318w, https:\/\/www.correiodascidades.com.br\/v1\/wp-content\/uploads\/2024\/01\/transferir-ira-300x150.jpg 300w\" sizes=\"(max-width: 502px) 100vw, 502px\" \/><\/p>\n<p>Autoridades iranianas dizem que as explos\u00f5es desta quarta, nas proximidades do cemit\u00e9rio de Kerman, foram ataques terroristas. Nenhum grupo ou pa\u00eds reivindicou a autoria do ato at\u00e9 o momento.<\/p>\n","protected":false},"excerpt":{"rendered":"<p>O\u00a0Itamaraty divulgou nota oficial, nesta quarta-feira (3), em que condena o\u00a0ataque com explosivos\u00a0que resultou na morte de cerca de 100 pessoas e deixou mais de 200 feridos na cidade de Kerman, no Ir\u00e3, durante cerim\u00f4nia alusiva aos quatro anos da morte do general Qassem Soleimani, ex-comandante da For\u00e7a Quds da Guarda Revolucion\u00e1ria iraniana. &#8220;Ao expressar [&hellip;]<\/p>\n","protected":false},"author":3,"featured_media":8511,"comment_status":"closed","ping_status":"closed","sticky":false,"template":"","format":"standard","meta":{"_links_to":"","_links_to_target":""},"categories":[1],"tags":[],"_links":{"self":[{"href":"https:\/\/www.correiodascidades.com.br\/v1\/wp-json\/wp\/v2\/posts\/8510"}],"collection":[{"href":"https:\/\/www.correiodascidades.com.br\/v1\/wp-json\/wp\/v2\/posts"}],"about":[{"href":"https:\/\/www.correiodascidades.com.br\/v1\/wp-json\/wp\/v2\/types\/post"}],"author":[{"embeddable":true,"href":"https:\/\/www.correiodascidades.com.br\/v1\/wp-json\/wp\/v2\/users\/3"}],"replies":[{"embeddable":true,"href":"https:\/\/www.correiodascidades.com.br\/v1\/wp-json\/wp\/v2\/comments?post=8510"}],"version-history":[{"count":1,"href":"https:\/\/www.correiodascidades.com.br\/v1\/wp-json\/wp\/v2\/posts\/8510\/revisions"}],"predecessor-version":[{"id":8513,"href":"https:\/\/www.correiodascidades.com.br\/v1\/wp-json\/wp\/v2\/posts\/8510\/revisions\/8513"}],"wp:featuredmedia":[{"embeddable":true,"href":"https:\/\/www.correiodascidades.com.br\/v1\/wp-json\/wp\/v2\/media\/8511"}],"wp:attachment":[{"href":"https:\/\/www.correiodascidades.com.br\/v1\/wp-json\/wp\/v2\/media?parent=8510"}],"wp:term":[{"taxonomy":"category","embeddable":true,"href":"https:\/\/www.correiodascidades.com.br\/v1\/wp-json\/wp\/v2\/categories?post=8510"},{"taxonomy":"post_tag","embeddable":true,"href":"https:\/\/www.correiodascidades.com.br\/v1\/wp-json\/wp\/v2\/tags?post=8510"}],"curies":[{"name":"wp","href":"https:\/\/api.w.org\/{rel}","templated":true}]}}