{"id":8514,"date":"2024-01-04T04:57:58","date_gmt":"2024-01-04T07:57:58","guid":{"rendered":"https:\/\/www.correiodascidades.com.br\/v1\/?p=8514"},"modified":"2024-01-04T04:57:58","modified_gmt":"2024-01-04T07:57:58","slug":"apos-acidente-com-mortes-na-ba-piloto-de-lancha-tem-prisao-decretada","status":"publish","type":"post","link":"https:\/\/www.correiodascidades.com.br\/v1\/2024\/01\/04\/apos-acidente-com-mortes-na-ba-piloto-de-lancha-tem-prisao-decretada\/","title":{"rendered":"Ap\u00f3s acidente com mortes na BA, piloto de lancha tem pris\u00e3o decretada"},"content":{"rendered":"<div class=\"post-header\">\n<div class=\"post-header-line-1\"><\/div>\n<\/div>\n<div id=\"post-body-590252720551206566\" class=\"post-body entry-content\">\n<div class=\"separator\"><a href=\"https:\/\/blogger.googleusercontent.com\/img\/b\/R29vZ2xl\/AVvXsEhZ3Ss-lWwAkH2AT9NfrTkNVJFzGqXpv1y6uvK3TXVkKNn1fnPYaixksRTv2ti6LqnB9GGhaHqZuDXfN-xZEvaXEotmts3BTf97P6eXWKGLv64PCDfiBO6Qg1S6WXzPw-8gXkjRrhFaNzduQBYaaG1tOI_QxRw7cDa1q2cTdnKnzcaqw4-Sg6hyphenhyphenDsd9-N5b\/s520\/1_biologa_01-33872156.jpg\" class=\"gallery_colorbox\"><img loading=\"lazy\" src=\"https:\/\/blogger.googleusercontent.com\/img\/b\/R29vZ2xl\/AVvXsEhZ3Ss-lWwAkH2AT9NfrTkNVJFzGqXpv1y6uvK3TXVkKNn1fnPYaixksRTv2ti6LqnB9GGhaHqZuDXfN-xZEvaXEotmts3BTf97P6eXWKGLv64PCDfiBO6Qg1S6WXzPw-8gXkjRrhFaNzduQBYaaG1tOI_QxRw7cDa1q2cTdnKnzcaqw4-Sg6hyphenhyphenDsd9-N5b\/w465-h361\/1_biologa_01-33872156.jpg\"  width=\"465\" height=\"361\" border=\"0\" data-original-height=\"405\" data-original-width=\"520\" \/><\/a><\/div>\n<p>Ap\u00f3s o acidente que provocou a morte de duas pessoas na ilha de Boipeba, no sul baiano, o piloto da lancha que colidiu contra outra embarca\u00e7\u00e3o teve a pris\u00e3o preventiva decretada nessa ter\u00e7a-feira (2\/1). Identificado como Aldir do Ros\u00e1rio Amor Divino, o homem estava preso em flagrante desde o dia do acidente, na \u00faltima sexta-feira (29\/12).<\/p>\n<p>De acordo com o delegado Jos\u00e9 Raimundo Nery Pinto, o homem ser\u00e1 transferido para o Pres\u00eddio de Valen\u00e7a ainda nesta quarta-feira (3\/1).<\/p>\n<p>Ele deve responder pelos crimes de expor a perigo embarca\u00e7\u00e3o ou aeronave, pr\u00f3pria ou alheia, ou praticar qualquer ato tendente a impedir ou dificultar navega\u00e7\u00e3o mar\u00edtima, fluvial ou a\u00e9rea; com pena de 4 a 12 anos pelo agravante de ter resultado em submers\u00e3o da lancha e ainda pelo crime doloso de perigo comum com resultado de les\u00e3o corporal de natureza grave, cuja pena privativa de liberdade \u00e9 aumentada de metade; se resulta morte, \u00e9 aplicada em dobro.<\/p>\n<p>O acidente ceifou a vida de uma bi\u00f3loga, ambientalista e educadora, Laryssa Fanny Galantini Pires, de 35 anos, que foi enterrada na tarde desta segunda-feira (1\/1) no Cemit\u00e9rio das Paineiras, em Arax\u00e1, no Tri\u00e2ngulo Mineiro. E tamb\u00e9m causou a morte do advogado M\u00e1rio Andr\u00e9 Machado Cabral, 34 anos, de Alagoas. Eles foram as v\u00edtimas que morreram no acidente entre duas lanchas, ocorrido na Ilha de Boipeba, sul da Bahia, na \u00faltima sexta-feira.<\/p>\n<\/div>\n","protected":false},"excerpt":{"rendered":"<p>Ap\u00f3s o acidente que provocou a morte de duas pessoas na ilha de Boipeba, no sul baiano, o piloto da lancha que colidiu contra outra embarca\u00e7\u00e3o teve a pris\u00e3o preventiva decretada nessa ter\u00e7a-feira (2\/1). Identificado como Aldir do Ros\u00e1rio Amor Divino, o homem estava preso em flagrante desde o dia do acidente, na \u00faltima sexta-feira [&hellip;]<\/p>\n","protected":false},"author":3,"featured_media":8512,"comment_status":"closed","ping_status":"closed","sticky":false,"template":"","format":"standard","meta":{"_links_to":"","_links_to_target":""},"categories":[11],"tags":[],"_links":{"self":[{"href":"https:\/\/www.correiodascidades.com.br\/v1\/wp-json\/wp\/v2\/posts\/8514"}],"collection":[{"href":"https:\/\/www.correiodascidades.com.br\/v1\/wp-json\/wp\/v2\/posts"}],"about":[{"href":"https:\/\/www.correiodascidades.com.br\/v1\/wp-json\/wp\/v2\/types\/post"}],"author":[{"embeddable":true,"href":"https:\/\/www.correiodascidades.com.br\/v1\/wp-json\/wp\/v2\/users\/3"}],"replies":[{"embeddable":true,"href":"https:\/\/www.correiodascidades.com.br\/v1\/wp-json\/wp\/v2\/comments?post=8514"}],"version-history":[{"count":1,"href":"https:\/\/www.correiodascidades.com.br\/v1\/wp-json\/wp\/v2\/posts\/8514\/revisions"}],"predecessor-version":[{"id":8515,"href":"https:\/\/www.correiodascidades.com.br\/v1\/wp-json\/wp\/v2\/posts\/8514\/revisions\/8515"}],"wp:featuredmedia":[{"embeddable":true,"href":"https:\/\/www.correiodascidades.com.br\/v1\/wp-json\/wp\/v2\/media\/8512"}],"wp:attachment":[{"href":"https:\/\/www.correiodascidades.com.br\/v1\/wp-json\/wp\/v2\/media?parent=8514"}],"wp:term":[{"taxonomy":"category","embeddable":true,"href":"https:\/\/www.correiodascidades.com.br\/v1\/wp-json\/wp\/v2\/categories?post=8514"},{"taxonomy":"post_tag","embeddable":true,"href":"https:\/\/www.correiodascidades.com.br\/v1\/wp-json\/wp\/v2\/tags?post=8514"}],"curies":[{"name":"wp","href":"https:\/\/api.w.org\/{rel}","templated":true}]}}