{"id":8516,"date":"2024-01-04T05:00:55","date_gmt":"2024-01-04T08:00:55","guid":{"rendered":"https:\/\/www.correiodascidades.com.br\/v1\/?p=8516"},"modified":"2024-01-04T05:00:55","modified_gmt":"2024-01-04T08:00:55","slug":"laudo-de-morte-do-bebe-descarta-estupro-em-vera-cruz","status":"publish","type":"post","link":"https:\/\/www.correiodascidades.com.br\/v1\/2024\/01\/04\/laudo-de-morte-do-bebe-descarta-estupro-em-vera-cruz\/","title":{"rendered":"Laudo de morte do beb\u00ea descarta estupro em Vera Cruz"},"content":{"rendered":"<h3 class=\"post-title entry-title\"><\/h3>\n<div id=\"post-body-2409826197047714012\" class=\"post-body entry-content\">\n<div class=\"separator\"><a href=\"https:\/\/blogger.googleusercontent.com\/img\/b\/R29vZ2xl\/AVvXsEhj2VUKOossumLm-mHMlymgNtb6RcNHkDBTA-xFjsnxcF4War-wvot4ocpTB9MgpBWzng7j3HSouJJA4-297ljAJkqSTcDfQgQPMF5LWc1gX6hFcc_WiR-W21zydzqmni86lky9S8t5hBLiz7ERqmj7DblKPqsse1xZ5iayzMqmjwVp0udamL5fQGU0fRaz\/s841\/Captura%20de%20tela%202024-01-03%20143645.jpg\" class=\"gallery_colorbox\"><img loading=\"lazy\" src=\"https:\/\/blogger.googleusercontent.com\/img\/b\/R29vZ2xl\/AVvXsEhj2VUKOossumLm-mHMlymgNtb6RcNHkDBTA-xFjsnxcF4War-wvot4ocpTB9MgpBWzng7j3HSouJJA4-297ljAJkqSTcDfQgQPMF5LWc1gX6hFcc_WiR-W21zydzqmni86lky9S8t5hBLiz7ERqmj7DblKPqsse1xZ5iayzMqmjwVp0udamL5fQGU0fRaz\/w558-h326\/Captura%20de%20tela%202024-01-03%20143645.jpg\"  width=\"558\" height=\"326\" border=\"0\" data-original-height=\"491\" data-original-width=\"841\" \/><\/a><\/div>\n<p>O laudo sobre a morte da beb\u00ea, que ocorreu na tarde de ter\u00e7a-feira (02\/01), em Vera Cruz, descartou estupro. Por\u00e9m, a causa da morte ainda n\u00e3o foi identificada. A informa\u00e7\u00e3o foi revelada por familiares, na tarde desta quarta-feira (03\/01).<\/p>\n<p><b>\u201cA advogada ligou pra gente informando que a m\u00e9dica falou que no laudo j\u00e1 descartou a suspeita de estupro, mas est\u00e3o investigando a causa da morte. O meu irm\u00e3o \u00e9 inocente, n\u00e3o houve estupro. Est\u00e3o investigando se foi na hora de dormir que aconteceu algum acidente\u201d<\/b>, pontua Alessandra Pena tia do beb\u00ea. Ela acrescentou que a fam\u00edlia vai processar o m\u00e9dico e o Estado.<\/p>\n<p>A irm\u00e3 do pai da crian\u00e7a disse que a fam\u00edlia est\u00e1 desesperada e traficantes de Salvador querem matar os pais, \u201csendo que meu irm\u00e3o n\u00e3o fez nada nada\u201d.<\/p>\n<p>\u201cMeu irm\u00e3o \u00e9 inocente. O bairro todo denunciando meu irm\u00e3o. Meu irm\u00e3o n\u00e3o fez nada. E a esposa dele tamb\u00e9m n\u00e3o fez nada. Falaram que iriam invadir a casa deles. A m\u00e3e j\u00e1 perdeu a filha e ainda passar por isso. Minha cunhada est\u00e1 sofrendo\u201d, relatou desesperada, Catiane Barros tia da crian\u00e7a.<\/p>\n<p>Ela acrescentou que os pais da crian\u00e7a tamb\u00e9m j\u00e1 sa\u00edram do bairro que moravam.\u00a0\u201d.<\/p>\n<\/div>\n<p><!--more--><\/p>\n<p><b>\u201cA popula\u00e7\u00e3o quer invadir a casa. Meu sobrinho est\u00e1 em uma coisa que desesperada. A m\u00e3e dele passando mal. A\u00ed o pessoal querendo invadir a casa pra fazer a justi\u00e7a, mas n\u00e3o teve nada disso. Isso \u00e9 um erro m\u00e9dico. O m\u00e9dico da UPA falou uma coisa que \u00e9 mentira\u201d<\/b>, finalizou.<\/p>\n<p>A Pol\u00edcia Civil foi procurada pela manh\u00e3 e divulgou que os suspeitos de violentar sexualmente a beb\u00ea em Bom Despacho \u201cforam autuados em flagrante na ter\u00e7a-feira (2), na Delegacia Territorial de Itaparica\u201d.<\/p>\n<p>O comunicado afirma tamb\u00e9m: \u201cConforme informa\u00e7\u00f5es, os pais da menina deram entrada na UPA de Vera Cruz, j\u00e1 sem os sinais vitais, ela apresentava les\u00f5es sexuais. A Pol\u00edcia Militar foi acionada pelos m\u00e9dicos e conduziram os pais para a delegacia onde ficaram custodiados. Guias de per\u00edcia e remo\u00e7\u00e3o foram expedidas<\/p>\n","protected":false},"excerpt":{"rendered":"<p>O laudo sobre a morte da beb\u00ea, que ocorreu na tarde de ter\u00e7a-feira (02\/01), em Vera Cruz, descartou estupro. Por\u00e9m, a causa da morte ainda n\u00e3o foi identificada. A informa\u00e7\u00e3o foi revelada por familiares, na tarde desta quarta-feira (03\/01). \u201cA advogada ligou pra gente informando que a m\u00e9dica falou que no laudo j\u00e1 descartou a [&hellip;]<\/p>\n","protected":false},"author":3,"featured_media":8483,"comment_status":"closed","ping_status":"closed","sticky":false,"template":"","format":"standard","meta":{"_links_to":"","_links_to_target":""},"categories":[1],"tags":[],"_links":{"self":[{"href":"https:\/\/www.correiodascidades.com.br\/v1\/wp-json\/wp\/v2\/posts\/8516"}],"collection":[{"href":"https:\/\/www.correiodascidades.com.br\/v1\/wp-json\/wp\/v2\/posts"}],"about":[{"href":"https:\/\/www.correiodascidades.com.br\/v1\/wp-json\/wp\/v2\/types\/post"}],"author":[{"embeddable":true,"href":"https:\/\/www.correiodascidades.com.br\/v1\/wp-json\/wp\/v2\/users\/3"}],"replies":[{"embeddable":true,"href":"https:\/\/www.correiodascidades.com.br\/v1\/wp-json\/wp\/v2\/comments?post=8516"}],"version-history":[{"count":1,"href":"https:\/\/www.correiodascidades.com.br\/v1\/wp-json\/wp\/v2\/posts\/8516\/revisions"}],"predecessor-version":[{"id":8517,"href":"https:\/\/www.correiodascidades.com.br\/v1\/wp-json\/wp\/v2\/posts\/8516\/revisions\/8517"}],"wp:featuredmedia":[{"embeddable":true,"href":"https:\/\/www.correiodascidades.com.br\/v1\/wp-json\/wp\/v2\/media\/8483"}],"wp:attachment":[{"href":"https:\/\/www.correiodascidades.com.br\/v1\/wp-json\/wp\/v2\/media?parent=8516"}],"wp:term":[{"taxonomy":"category","embeddable":true,"href":"https:\/\/www.correiodascidades.com.br\/v1\/wp-json\/wp\/v2\/categories?post=8516"},{"taxonomy":"post_tag","embeddable":true,"href":"https:\/\/www.correiodascidades.com.br\/v1\/wp-json\/wp\/v2\/tags?post=8516"}],"curies":[{"name":"wp","href":"https:\/\/api.w.org\/{rel}","templated":true}]}}