{"id":8518,"date":"2024-01-04T05:25:15","date_gmt":"2024-01-04T08:25:15","guid":{"rendered":"https:\/\/www.correiodascidades.com.br\/v1\/?p=8518"},"modified":"2024-01-04T05:25:15","modified_gmt":"2024-01-04T08:25:15","slug":"homem-e-perseguido-por-policiais-militares-apos-agredir-mulher-em-praia","status":"publish","type":"post","link":"https:\/\/www.correiodascidades.com.br\/v1\/2024\/01\/04\/homem-e-perseguido-por-policiais-militares-apos-agredir-mulher-em-praia\/","title":{"rendered":"Homem \u00e9 perseguido por policiais militares ap\u00f3s agredir mulher em praia"},"content":{"rendered":"<p><img loading=\"lazy\" class=\"\" src=\"https:\/\/www.correiodascidades.com.br\/v1\/wp-content\/uploads\/2024\/01\/transferir-praia.jpg\" width=\"511\" height=\"288\" \/><\/p>\n<p style=\"font-weight: 400;\">Um homem foi perseguido por policiais militares e preso em flagrante por tentativa de feminic\u00eddio na tarde da \u00faltima ter\u00e7a-feira (02), ap\u00f3s agredir uma mulher com uma garrafada na cabe\u00e7a na praia de Murubira, na ilha de Mosqueiro, em Bel\u00e9m (PA).<\/p>\n<p style=\"font-weight: 400;\">Em um v\u00eddeo que viralizou nas redes sociais, o suspeito, identificado como Gerson Carvalho Alencar Correia, de 24 anos,\u00a0 mostram o homem se desvencilhando da multid\u00e3o em sua frente, evitando at\u00e9 mesmo a a\u00e7\u00e3o dos policiais militares. No entanto, durante a tentativa de fuga, ele \u00e9 atingido por um dos banhistas com uma voadora, caindo no ch\u00e3o.<\/p>\n<p style=\"font-weight: 400;\">Ap\u00f3s o incidente, a mulher agredida foi levada ao Hospital Geral de Mosqueiro. Segundo a Pol\u00edcia Civil, ela foi encaminhada para uma unidade de sa\u00fade e, ap\u00f3s receber alta m\u00e9dica, prestou depoimento \u00e0 equipe policial da delegacia local.<\/p>\n<p style=\"font-weight: 400;\">Gerson Carvalho Alencar Correia foi apresentado \u00e0 Seccional Urbana de Mosqueiro, autuado em flagrante e encaminhado \u00e0 Secretaria de Estado de Administra\u00e7\u00e3o Penitenci\u00e1ria (Seap), permanecendo \u00e0 disposi\u00e7\u00e3o da Justi\u00e7a.<\/p>\n<p style=\"font-weight: 400;\">\n","protected":false},"excerpt":{"rendered":"<p>Um homem foi perseguido por policiais militares e preso em flagrante por tentativa de feminic\u00eddio na tarde da \u00faltima ter\u00e7a-feira (02), ap\u00f3s agredir uma mulher com uma garrafada na cabe\u00e7a na praia de Murubira, na ilha de Mosqueiro, em Bel\u00e9m (PA). Em um v\u00eddeo que viralizou nas redes sociais, o suspeito, identificado como Gerson Carvalho [&hellip;]<\/p>\n","protected":false},"author":3,"featured_media":8519,"comment_status":"closed","ping_status":"closed","sticky":false,"template":"","format":"standard","meta":{"_links_to":"","_links_to_target":""},"categories":[2],"tags":[],"_links":{"self":[{"href":"https:\/\/www.correiodascidades.com.br\/v1\/wp-json\/wp\/v2\/posts\/8518"}],"collection":[{"href":"https:\/\/www.correiodascidades.com.br\/v1\/wp-json\/wp\/v2\/posts"}],"about":[{"href":"https:\/\/www.correiodascidades.com.br\/v1\/wp-json\/wp\/v2\/types\/post"}],"author":[{"embeddable":true,"href":"https:\/\/www.correiodascidades.com.br\/v1\/wp-json\/wp\/v2\/users\/3"}],"replies":[{"embeddable":true,"href":"https:\/\/www.correiodascidades.com.br\/v1\/wp-json\/wp\/v2\/comments?post=8518"}],"version-history":[{"count":1,"href":"https:\/\/www.correiodascidades.com.br\/v1\/wp-json\/wp\/v2\/posts\/8518\/revisions"}],"predecessor-version":[{"id":8520,"href":"https:\/\/www.correiodascidades.com.br\/v1\/wp-json\/wp\/v2\/posts\/8518\/revisions\/8520"}],"wp:featuredmedia":[{"embeddable":true,"href":"https:\/\/www.correiodascidades.com.br\/v1\/wp-json\/wp\/v2\/media\/8519"}],"wp:attachment":[{"href":"https:\/\/www.correiodascidades.com.br\/v1\/wp-json\/wp\/v2\/media?parent=8518"}],"wp:term":[{"taxonomy":"category","embeddable":true,"href":"https:\/\/www.correiodascidades.com.br\/v1\/wp-json\/wp\/v2\/categories?post=8518"},{"taxonomy":"post_tag","embeddable":true,"href":"https:\/\/www.correiodascidades.com.br\/v1\/wp-json\/wp\/v2\/tags?post=8518"}],"curies":[{"name":"wp","href":"https:\/\/api.w.org\/{rel}","templated":true}]}}