{"id":8527,"date":"2024-01-04T19:40:40","date_gmt":"2024-01-04T22:40:40","guid":{"rendered":"https:\/\/www.correiodascidades.com.br\/v1\/?p=8527"},"modified":"2024-01-04T19:43:57","modified_gmt":"2024-01-04T22:43:57","slug":"morreu-val-surfista","status":"publish","type":"post","link":"https:\/\/www.correiodascidades.com.br\/v1\/2024\/01\/04\/morreu-val-surfista\/","title":{"rendered":"Morreu Val surfista."},"content":{"rendered":"<p><img src=\"https:\/\/www.correiodascidades.com.br\/v1\/wp-content\/uploads\/2024\/01\/9f3f79b9-bf3a-4690-94c4-ec8790f51176-Val.jpg\" \/><\/p>\n<p>Faleceu na tarde desta quinta-feira, 04\/01\/2024, Valdivino Matias v\u00edtima de AVC<br \/>\nO mesmo prestava servi\u00e7o como office-boy na defensoria p\u00fablica de ilh\u00e9us a mais de dez anos.<br \/>\nVal como era conhecido era\u00a0 Morador do\u00a0 Bairro Nelson Costa<br \/>\nO mesmo lutava pela vida na UTI do Hospital Costa do Cacau h\u00e1 quase um m\u00eas,\u00a0 depois de ter sofrido um AVC. Val era conhecido no mundo do surf, deixa diversos amigos e colegas.<br \/>\nResidiu na sua inf\u00e2ncia no bairro do Pontal; O Hospital\u00a0 foi quem informou o ocorrido.<\/p>\n","protected":false},"excerpt":{"rendered":"<p>Faleceu na tarde desta quinta-feira, 04\/01\/2024, Valdivino Matias v\u00edtima de AVC O mesmo prestava servi\u00e7o como office-boy na defensoria p\u00fablica de ilh\u00e9us a mais de dez anos. Val como era conhecido era\u00a0 Morador do\u00a0 Bairro Nelson Costa O mesmo lutava pela vida na UTI do Hospital Costa do Cacau h\u00e1 quase um m\u00eas,\u00a0 depois de [&hellip;]<\/p>\n","protected":false},"author":3,"featured_media":8528,"comment_status":"closed","ping_status":"closed","sticky":false,"template":"","format":"standard","meta":{"_links_to":"","_links_to_target":""},"categories":[2],"tags":[],"_links":{"self":[{"href":"https:\/\/www.correiodascidades.com.br\/v1\/wp-json\/wp\/v2\/posts\/8527"}],"collection":[{"href":"https:\/\/www.correiodascidades.com.br\/v1\/wp-json\/wp\/v2\/posts"}],"about":[{"href":"https:\/\/www.correiodascidades.com.br\/v1\/wp-json\/wp\/v2\/types\/post"}],"author":[{"embeddable":true,"href":"https:\/\/www.correiodascidades.com.br\/v1\/wp-json\/wp\/v2\/users\/3"}],"replies":[{"embeddable":true,"href":"https:\/\/www.correiodascidades.com.br\/v1\/wp-json\/wp\/v2\/comments?post=8527"}],"version-history":[{"count":3,"href":"https:\/\/www.correiodascidades.com.br\/v1\/wp-json\/wp\/v2\/posts\/8527\/revisions"}],"predecessor-version":[{"id":8531,"href":"https:\/\/www.correiodascidades.com.br\/v1\/wp-json\/wp\/v2\/posts\/8527\/revisions\/8531"}],"wp:featuredmedia":[{"embeddable":true,"href":"https:\/\/www.correiodascidades.com.br\/v1\/wp-json\/wp\/v2\/media\/8528"}],"wp:attachment":[{"href":"https:\/\/www.correiodascidades.com.br\/v1\/wp-json\/wp\/v2\/media?parent=8527"}],"wp:term":[{"taxonomy":"category","embeddable":true,"href":"https:\/\/www.correiodascidades.com.br\/v1\/wp-json\/wp\/v2\/categories?post=8527"},{"taxonomy":"post_tag","embeddable":true,"href":"https:\/\/www.correiodascidades.com.br\/v1\/wp-json\/wp\/v2\/tags?post=8527"}],"curies":[{"name":"wp","href":"https:\/\/api.w.org\/{rel}","templated":true}]}}