{"id":8543,"date":"2024-01-05T03:52:16","date_gmt":"2024-01-05T06:52:16","guid":{"rendered":"https:\/\/www.correiodascidades.com.br\/v1\/?p=8543"},"modified":"2024-01-05T03:52:16","modified_gmt":"2024-01-05T06:52:16","slug":"prefeitura-e-codeba-discutem-andamento-de-projetos-para-zona-norte-de-ilheus","status":"publish","type":"post","link":"https:\/\/www.correiodascidades.com.br\/v1\/2024\/01\/05\/prefeitura-e-codeba-discutem-andamento-de-projetos-para-zona-norte-de-ilheus\/","title":{"rendered":"Prefeitura e Codeba discutem andamento de projetos para Zona Norte de Ilh\u00e9us"},"content":{"rendered":"<p><img loading=\"lazy\" class=\"\" src=\"https:\/\/www.correiodascidades.com.br\/v1\/wp-content\/uploads\/2024\/01\/b8213e13-191e-4298-9215-fb3c5b4eb57b.jpg\" width=\"513\" height=\"342\" \/><\/p>\n<p>Solicitado pela Prefeitura de Ilh\u00e9us, o estudo para reverter a situa\u00e7\u00e3o de avan\u00e7o do mar nos bairros S\u00e3o Domingos e S\u00e3o Miguel foi pauta central da reuni\u00e3o realizada nesta quinta-feira (4), com a diretoria executiva da Companhia das Docas do Estado da Bahia (Codeba). Na oportunidade, o prefeito M\u00e1rio Alexandre deu as boas-vindas ao novo diretor-presidente da empresa, Antonio Gobbo, e ressaltou a import\u00e2ncia do di\u00e1logo cont\u00ednuo com o setor.<\/p>\n<p>\u201cVamos apresentar esse estudo ao Minist\u00e9rio de Portos e Aeroportos, ao ministro Rui Costa e ao presidente Lula, porque \u00e9 uma obra que possui alto custo, contudo, vai resolver definitivamente o problema na Zona Norte e acabar de vez com o sofrimento da nossa popula\u00e7\u00e3o. Quero agradecer \u00e0 Codeba por esse entendimento e em nome do presidente, estendo os agradecimentos a todos que confiam nesse projeto\u201d, destacou M\u00e1rio Alexandre. <!--more--><\/p>\n<p>A companhia frisou que a partir do diagn\u00f3stico ser\u00e1 poss\u00edvel tra\u00e7ar estrat\u00e9gias para realizar investimentos em infraestrutura na regi\u00e3o norte da cidade. \u201cA Codeba fortalece os la\u00e7os com o poder p\u00fablico e toda popula\u00e7\u00e3o de Ilh\u00e9us e regi\u00e3o. N\u00f3s j\u00e1 conseguimos ampliar a movimenta\u00e7\u00e3o no porto, de 300 mil para 600 mil toneladas, e estamos buscando novos parceiros comerciais para impulsionar o crescimento econ\u00f4mico e social do sul da Bahia. Estamos com a\u00e7\u00f5es de investimentos promissores para esses pr\u00f3ximos anos. A inten\u00e7\u00e3o \u00e9 recuperar os espa\u00e7os e tornar o Porto de Ilh\u00e9us atrativo e mais competitivo\u201d, explicou Antonio Gobbo.<\/p>\n<p>O gestor discutiu ainda temas que versam sobre a eleva\u00e7\u00e3o do volume de cargas no terminal, destina\u00e7\u00e3o do moinho, bem como a revitaliza\u00e7\u00e3o do antigo porto, onde se pretende recuperar a \u00e1rea e construir um centro gastron\u00f4mico e cultural, a fim de movimentar a Ba\u00eda do Pontal, atrav\u00e9s do turismo n\u00e1utico.<\/p>\n<p>Temporada de cruzeiros \u2013 At\u00e9 o m\u00eas de abril, mais sete navios far\u00e3o 28 escalas na Terra do Cacau e Chocolate. Na pr\u00f3xima quarta-feira (10), a cidade recebe o MSC Seaview, que trar\u00e1 a bordo cerca de cinco mil pessoas, entre passageiros e tripulantes.<\/p>\n","protected":false},"excerpt":{"rendered":"<p>Solicitado pela Prefeitura de Ilh\u00e9us, o estudo para reverter a situa\u00e7\u00e3o de avan\u00e7o do mar nos bairros S\u00e3o Domingos e S\u00e3o Miguel foi pauta central da reuni\u00e3o realizada nesta quinta-feira (4), com a diretoria executiva da Companhia das Docas do Estado da Bahia (Codeba). Na oportunidade, o prefeito M\u00e1rio Alexandre deu as boas-vindas ao novo [&hellip;]<\/p>\n","protected":false},"author":3,"featured_media":8544,"comment_status":"closed","ping_status":"closed","sticky":false,"template":"","format":"standard","meta":{"_links_to":"","_links_to_target":""},"categories":[1],"tags":[],"_links":{"self":[{"href":"https:\/\/www.correiodascidades.com.br\/v1\/wp-json\/wp\/v2\/posts\/8543"}],"collection":[{"href":"https:\/\/www.correiodascidades.com.br\/v1\/wp-json\/wp\/v2\/posts"}],"about":[{"href":"https:\/\/www.correiodascidades.com.br\/v1\/wp-json\/wp\/v2\/types\/post"}],"author":[{"embeddable":true,"href":"https:\/\/www.correiodascidades.com.br\/v1\/wp-json\/wp\/v2\/users\/3"}],"replies":[{"embeddable":true,"href":"https:\/\/www.correiodascidades.com.br\/v1\/wp-json\/wp\/v2\/comments?post=8543"}],"version-history":[{"count":1,"href":"https:\/\/www.correiodascidades.com.br\/v1\/wp-json\/wp\/v2\/posts\/8543\/revisions"}],"predecessor-version":[{"id":8545,"href":"https:\/\/www.correiodascidades.com.br\/v1\/wp-json\/wp\/v2\/posts\/8543\/revisions\/8545"}],"wp:featuredmedia":[{"embeddable":true,"href":"https:\/\/www.correiodascidades.com.br\/v1\/wp-json\/wp\/v2\/media\/8544"}],"wp:attachment":[{"href":"https:\/\/www.correiodascidades.com.br\/v1\/wp-json\/wp\/v2\/media?parent=8543"}],"wp:term":[{"taxonomy":"category","embeddable":true,"href":"https:\/\/www.correiodascidades.com.br\/v1\/wp-json\/wp\/v2\/categories?post=8543"},{"taxonomy":"post_tag","embeddable":true,"href":"https:\/\/www.correiodascidades.com.br\/v1\/wp-json\/wp\/v2\/tags?post=8543"}],"curies":[{"name":"wp","href":"https:\/\/api.w.org\/{rel}","templated":true}]}}