{"id":8546,"date":"2024-01-05T09:00:55","date_gmt":"2024-01-05T12:00:55","guid":{"rendered":"https:\/\/www.correiodascidades.com.br\/v1\/?p=8546"},"modified":"2024-01-05T09:06:19","modified_gmt":"2024-01-05T12:06:19","slug":"ilheus-vem-ai-a-levada-da-capoeira-na-puxada-do-mastro-de-sao-sebastiao","status":"publish","type":"post","link":"https:\/\/www.correiodascidades.com.br\/v1\/2024\/01\/05\/ilheus-vem-ai-a-levada-da-capoeira-na-puxada-do-mastro-de-sao-sebastiao\/","title":{"rendered":"ILH\u00c9US: \u00a0Vem a\u00ed a levada da capoeira na Puxada do Mastro de S\u00e3o Sebasti\u00e3o"},"content":{"rendered":"<p><img loading=\"lazy\" class=\"\" src=\"https:\/\/www.correiodascidades.com.br\/v1\/wp-content\/uploads\/2024\/01\/transferir-pau-de-bastiao.jpg\" width=\"453\" height=\"210\" \/><\/p>\n<p>Um dos atrativos mais culturais da cidade estar\u00e1 presente tamb\u00e9m na Puxada do Mastro \u00e1 \u201clevada da capoeira\u201d.<\/p>\n<p>A puxada do Pau de Basti\u00e3o assim tamb\u00e9m conhecida \u00e9 uma festa secular que a acontece todos os anos no distrito ind\u00edgena de Oliven\u00e7a.<\/p>\n<p>A vila hoje conhecida como Oliven\u00e7a \u00e9 o local onde, em 1680,\u00a0foi fundado por mission\u00e1rios jesu\u00edtas um aldeamento ind\u00edgena.<\/p>\n<p>Desde ent\u00e3o, os Tupinamb\u00e1 residem no territ\u00f3rio que circunda a vila, nas proximidades do curso de v\u00e1rios rios, entre os quais se destacam os rios Acu\u00edpe, Pixixica, Santaninha e Una.<\/p>\n<p>Todos os anos \u00e9 comemorado na localidade, devido a devo\u00e7\u00e3o cultural a festa do seu padroeiro, S\u00e3o Sebasti\u00e3o. <!--more--><\/p>\n<p>Com a festa, o enredo puxada do Mastro de S\u00e3o Sebasti\u00e3o, uma festa de sincretismo religioso com v\u00e1rias participa\u00e7\u00f5es de cultura.<\/p>\n<p>Musica, dan\u00e7a, n\u00e3o faltando a capoeira. O grupo liderado pelo Mestre Ramiro (foto). <img loading=\"lazy\" class=\"alignnone size-full wp-image-8550\" src=\"https:\/\/www.correiodascidades.com.br\/v1\/wp-content\/uploads\/2024\/01\/transferir-ramiro.jpg\" alt=\"\" width=\"259\" height=\"194\" \/> estar\u00e1 se apresentando na festa no dia do evento.<\/p>\n","protected":false},"excerpt":{"rendered":"<p>Um dos atrativos mais culturais da cidade estar\u00e1 presente tamb\u00e9m na Puxada do Mastro \u00e1 \u201clevada da capoeira\u201d. A puxada do Pau de Basti\u00e3o assim tamb\u00e9m conhecida \u00e9 uma festa secular que a acontece todos os anos no distrito ind\u00edgena de Oliven\u00e7a. A vila hoje conhecida como Oliven\u00e7a \u00e9 o local onde, em 1680,\u00a0foi fundado [&hellip;]<\/p>\n","protected":false},"author":3,"featured_media":8547,"comment_status":"closed","ping_status":"closed","sticky":false,"template":"","format":"standard","meta":{"_links_to":"","_links_to_target":""},"categories":[44],"tags":[],"_links":{"self":[{"href":"https:\/\/www.correiodascidades.com.br\/v1\/wp-json\/wp\/v2\/posts\/8546"}],"collection":[{"href":"https:\/\/www.correiodascidades.com.br\/v1\/wp-json\/wp\/v2\/posts"}],"about":[{"href":"https:\/\/www.correiodascidades.com.br\/v1\/wp-json\/wp\/v2\/types\/post"}],"author":[{"embeddable":true,"href":"https:\/\/www.correiodascidades.com.br\/v1\/wp-json\/wp\/v2\/users\/3"}],"replies":[{"embeddable":true,"href":"https:\/\/www.correiodascidades.com.br\/v1\/wp-json\/wp\/v2\/comments?post=8546"}],"version-history":[{"count":2,"href":"https:\/\/www.correiodascidades.com.br\/v1\/wp-json\/wp\/v2\/posts\/8546\/revisions"}],"predecessor-version":[{"id":8551,"href":"https:\/\/www.correiodascidades.com.br\/v1\/wp-json\/wp\/v2\/posts\/8546\/revisions\/8551"}],"wp:featuredmedia":[{"embeddable":true,"href":"https:\/\/www.correiodascidades.com.br\/v1\/wp-json\/wp\/v2\/media\/8547"}],"wp:attachment":[{"href":"https:\/\/www.correiodascidades.com.br\/v1\/wp-json\/wp\/v2\/media?parent=8546"}],"wp:term":[{"taxonomy":"category","embeddable":true,"href":"https:\/\/www.correiodascidades.com.br\/v1\/wp-json\/wp\/v2\/categories?post=8546"},{"taxonomy":"post_tag","embeddable":true,"href":"https:\/\/www.correiodascidades.com.br\/v1\/wp-json\/wp\/v2\/tags?post=8546"}],"curies":[{"name":"wp","href":"https:\/\/api.w.org\/{rel}","templated":true}]}}