{"id":8553,"date":"2024-01-06T05:50:11","date_gmt":"2024-01-06T08:50:11","guid":{"rendered":"https:\/\/www.correiodascidades.com.br\/v1\/?p=8553"},"modified":"2024-01-06T05:50:11","modified_gmt":"2024-01-06T08:50:11","slug":"caminhonete-do-prefeito-de-iguai-e-destruida-por-incendio-em-nova-canaa","status":"publish","type":"post","link":"https:\/\/www.correiodascidades.com.br\/v1\/2024\/01\/06\/caminhonete-do-prefeito-de-iguai-e-destruida-por-incendio-em-nova-canaa\/","title":{"rendered":"Caminhonete do prefeito de Igua\u00ed \u00e9 destru\u00edda por inc\u00eandio em Nova Cana\u00e3"},"content":{"rendered":"<div class=\"post-outer\">\n<div class=\"post hentry\">\n<h3 class=\"post-title entry-title\"><\/h3>\n<div id=\"post-body-9155410512296579162\" class=\"post-body entry-content\">\n<div class=\"separator\"><a href=\"https:\/\/blogger.googleusercontent.com\/img\/a\/AVvXsEhiAm3AmaZbJ9HoUCHUwP7lYR9afrPeV975ZuBDlYjvaRts_6vEijOoxGW0tIPED_-O19M0OgxQP59of7eZdA_wfEYBsGi-HYhKkY3dX_kppAybjC4kmQjhSl76qh3fE4bb3ZqzEswsvklAt-zNS6v7DccJbgJVTD7RjQIU0vFFKIIobaW5FF4KhxEKOKvG\"><img loading=\"lazy\" src=\"https:\/\/blogger.googleusercontent.com\/img\/a\/AVvXsEhiAm3AmaZbJ9HoUCHUwP7lYR9afrPeV975ZuBDlYjvaRts_6vEijOoxGW0tIPED_-O19M0OgxQP59of7eZdA_wfEYBsGi-HYhKkY3dX_kppAybjC4kmQjhSl76qh3fE4bb3ZqzEswsvklAt-zNS6v7DccJbgJVTD7RjQIU0vFFKIIobaW5FF4KhxEKOKvG=w579-h437\" alt=\"\" width=\"579\" height=\"437\" data-original-height=\"453\" data-original-width=\"600\" \/><\/a><\/div>\n<p>&nbsp;<\/p>\n<p>Um ve\u00edculo oficial do prefeito de Igua\u00ed, Rony Moitinho (PSD), ficou destru\u00eddo ap\u00f3s um inc\u00eandio na madrugada desta sexta-feira, 05, na cidade de Nova Cana\u00e3. A caminhonete, estacionada em uma central pr\u00f3xima a uma \u00e1rvore, foi consumida por chamas misteriosas por volta das 03h, deixando o ve\u00edculo completamente destru\u00eddo.<\/p>\n<p>As causas do inc\u00eandio ainda n\u00e3o foram esclarecidas, levando a especula\u00e7\u00f5es e questionamentos por parte dos moradores locais. A Pol\u00edcia Civil, acionada imediatamente ap\u00f3s o ocorrido, esteve no local na manh\u00e3 desta sexta-feira para realizar uma per\u00edcia minuciosa no ve\u00edculo e no ambiente circundante. O objetivo \u00e9 determinar se o inc\u00eandio foi acidental ou se h\u00e1 ind\u00edcios de a\u00e7\u00e3o criminosa.<\/p>\n<p>De acordo com o rep\u00f3rter Boc\u00e3o, na noite anterior ocorreu um evento com fins pol\u00edticos na cidade de Nova Cana\u00e3,\u00a0 onde a esposa do prefeito de Igua\u00ed, \u00e9 apontada como pr\u00e9-candidata a prefeita. As duas cidades s\u00e3o pr\u00f3ximas e a dist\u00e2ncia entre elas \u00e9 de cerca de 08km. (Giro Ipia\u00fa)<\/p>\n<\/div>\n<div class=\"post-footer\">\n<div class=\"post-footer-line post-footer-line-1\">\n<div class=\"post-share-buttons goog-inline-block\"><\/div>\n<\/div>\n<div class=\"post-footer-line post-footer-line-2\"><\/div>\n<div class=\"post-footer-line post-footer-line-3\"><\/div>\n<\/div>\n<\/div>\n<\/div>\n<div class=\"post-outer\">\n<div class=\"post hentry\"><a name=\"2513618739293038353\"><\/a><\/p>\n<div id=\"post-body-2513618739293038353\" class=\"post-body entry-content\">\n<p>&nbsp;<\/p>\n<\/div>\n<\/div>\n<\/div>\n","protected":false},"excerpt":{"rendered":"<p>&nbsp; Um ve\u00edculo oficial do prefeito de Igua\u00ed, Rony Moitinho (PSD), ficou destru\u00eddo ap\u00f3s um inc\u00eandio na madrugada desta sexta-feira, 05, na cidade de Nova Cana\u00e3. A caminhonete, estacionada em uma central pr\u00f3xima a uma \u00e1rvore, foi consumida por chamas misteriosas por volta das 03h, deixando o ve\u00edculo completamente destru\u00eddo. As causas do inc\u00eandio ainda [&hellip;]<\/p>\n","protected":false},"author":3,"featured_media":8550,"comment_status":"closed","ping_status":"closed","sticky":false,"template":"","format":"standard","meta":{"_links_to":"","_links_to_target":""},"categories":[11],"tags":[],"_links":{"self":[{"href":"https:\/\/www.correiodascidades.com.br\/v1\/wp-json\/wp\/v2\/posts\/8553"}],"collection":[{"href":"https:\/\/www.correiodascidades.com.br\/v1\/wp-json\/wp\/v2\/posts"}],"about":[{"href":"https:\/\/www.correiodascidades.com.br\/v1\/wp-json\/wp\/v2\/types\/post"}],"author":[{"embeddable":true,"href":"https:\/\/www.correiodascidades.com.br\/v1\/wp-json\/wp\/v2\/users\/3"}],"replies":[{"embeddable":true,"href":"https:\/\/www.correiodascidades.com.br\/v1\/wp-json\/wp\/v2\/comments?post=8553"}],"version-history":[{"count":1,"href":"https:\/\/www.correiodascidades.com.br\/v1\/wp-json\/wp\/v2\/posts\/8553\/revisions"}],"predecessor-version":[{"id":8554,"href":"https:\/\/www.correiodascidades.com.br\/v1\/wp-json\/wp\/v2\/posts\/8553\/revisions\/8554"}],"wp:featuredmedia":[{"embeddable":true,"href":"https:\/\/www.correiodascidades.com.br\/v1\/wp-json\/wp\/v2\/media\/8550"}],"wp:attachment":[{"href":"https:\/\/www.correiodascidades.com.br\/v1\/wp-json\/wp\/v2\/media?parent=8553"}],"wp:term":[{"taxonomy":"category","embeddable":true,"href":"https:\/\/www.correiodascidades.com.br\/v1\/wp-json\/wp\/v2\/categories?post=8553"},{"taxonomy":"post_tag","embeddable":true,"href":"https:\/\/www.correiodascidades.com.br\/v1\/wp-json\/wp\/v2\/tags?post=8553"}],"curies":[{"name":"wp","href":"https:\/\/api.w.org\/{rel}","templated":true}]}}