{"id":8559,"date":"2024-01-06T06:21:59","date_gmt":"2024-01-06T09:21:59","guid":{"rendered":"https:\/\/www.correiodascidades.com.br\/v1\/?p=8559"},"modified":"2024-01-06T06:21:59","modified_gmt":"2024-01-06T09:21:59","slug":"a-bahia-registra-90-007-novas-vagas-de-emprego-este-ano-aponta-caged","status":"publish","type":"post","link":"https:\/\/www.correiodascidades.com.br\/v1\/2024\/01\/06\/a-bahia-registra-90-007-novas-vagas-de-emprego-este-ano-aponta-caged\/","title":{"rendered":"A Bahia registra 90.007 novas vagas de emprego este ano, aponta Caged"},"content":{"rendered":"<p><img loading=\"lazy\" class=\"\" src=\"https:\/\/www.correiodascidades.com.br\/v1\/wp-content\/uploads\/2024\/01\/carteiradetrabalho.teclado.agenciabrasil.jpg\" width=\"511\" height=\"288\" \/><\/p>\n<p><span class=\"dropcap \">E<\/span>m novembro, segundo o Cadastro Geral de Empregados e Desempregados (Caged), a Bahia gerou 7.374 postos com carteira assinada, decorrente da diferen\u00e7a entre 70.975 admiss\u00f5es e 63.601 desligamentos. Trata-se do 11\u00ba m\u00eas seguido com saldo positivo. A capital do estado, Salvador, registrou um saldo de 4.201 postos de trabalho celetista no m\u00eas.<\/p>\n<p>De responsabilidade do Minist\u00e9rio do Trabalho e Emprego, os dados do emprego formal foram sistematizados pela Superintend\u00eancia de Estudos Econ\u00f4micos e Sociais da Bahia (SEI), autarquia vinculada \u00e0 Secretaria do Planejamento do Estado da Bahia (Seplan). Na Bahia, o saldo de novembro se revelou superior ao de outubro (+5.832 postos) e ao do mesmo m\u00eas do ano passado (+3.929 postos). No entanto, dos onze meses deste ano, o resultado de novembro somente se mostrou melhor do que os dos meses de janeiro (+3.892 postos), de julho (+5.219 vagas) e o de outubro (+5.832 postos) \u2013 ou seja, trata-se do quarto menor saldo mensal do ano at\u00e9 agora.<\/p>\n<p>Com o saldo de novembro, a Bahia passou a contar com 1.991.556 v\u00ednculos celetistas ativos, uma varia\u00e7\u00e3o de 0,37% sobre o quantitativo do m\u00eas imediatamente anterior. O munic\u00edpio de Salvador, por sua vez, contabilizou 627.342 v\u00ednculos, indicando assim um aumento de 0,67% sobre o montante de empregos existente em outubro. <!--more--><\/p>\n<p>Na Bahia, em novembro, tr\u00eas dos cinco grandes grupamentos de atividades econ\u00f4micas registraram saldo positivo de postos de trabalho celetista. O segmento de Com\u00e9rcio; repara\u00e7\u00e3o de ve\u00edculos automotores e motocicletas (+4.470 vagas) foi o que mais gerou postos dentre os setores. Em seguida, Servi\u00e7os (+4.312 v\u00ednculos) e Constru\u00e7\u00e3o (+1.411 empregos) tamb\u00e9m foram respons\u00e1veis pela gera\u00e7\u00e3o. Os grupamentos de Ind\u00fastria geral (-1.451 postos) e de Agricultura, pecu\u00e1ria, produ\u00e7\u00e3o florestal, pesca e aquicultura (-1.368 vagas), portanto, foram aqueles com perda l\u00edquida de postos no mencionado m\u00eas.<\/p>\n<p>No m\u00eas, o Brasil computou um saldo de 130.097 vagas, enquanto o Nordeste registrou 32.589 novos postos \u2013 representando varia\u00e7\u00f5es relativas de 0,29% e 0,45% comparativamente ao estoque do m\u00eas anterior, respectivamente. A Bahia (+0,37%), portanto, de outubro a novembro, exibiu um aumento relativo do estoque de v\u00ednculos maior do que o do pa\u00eds e menor do que o da regi\u00e3o nordestina.<\/p>\n<p>Das 27 unidades federativas do territ\u00f3rio nacional, 23 delas apontaram crescimento do emprego celetista em novembro deste ano. Os estados de Goi\u00e1s (-7.073 vagas), Mato Grosso (-4.178 postos), Piau\u00ed (-124 v\u00ednculos) e Par\u00e1 (-51 postos), no caso, foram aqueles com saldo negativo no pa\u00eds no m\u00eas. A Bahia, com 7.374 novos postos, exibiu o sexto maior saldo do pa\u00eds. Em termos relativos, com varia\u00e7\u00e3o percentual de 0,37%, situou-se na 12\u00aa posi\u00e7\u00e3o.<\/p>\n<p>No Nordeste, em novembro, oito dos nove estados experimentaram alta do emprego formal. Em termos absolutos, a Bahia (+7.374 postos) ocupou a segunda coloca\u00e7\u00e3o na gera\u00e7\u00e3o de vagas entre as unidades nordestinas no m\u00eas. Em termos relativos, por outro lado, o estado baiano (+0,37%) situou-se na sexta posi\u00e7\u00e3o na regi\u00e3o nordestina.<\/p>\n<p>Na Regi\u00e3o Nordeste, no que concerne \u00e0 gera\u00e7\u00e3o de postos, Pernambuco foi o estado com maior saldo em novembro, com 7.664 novos postos. Em seguida, vieram Bahia (+7.374 v\u00ednculos), Cear\u00e1 (+4.674 vagas), Para\u00edba (+3.657 postos), Rio Grande do Norte (+3.342 postos), Alagoas (+2.834 postos), Sergipe (+1.739 v\u00ednculos), Maranh\u00e3o (+1.429 vagas) e Piau\u00ed (-124 empregos celetistas).<\/p>\n<p>Do ponto de vista da varia\u00e7\u00e3o relativa mensal do estoque, o estado da Para\u00edba (+0,78%) foi o destaque da regi\u00e3o nordestina, tendo sido acompanhado por Rio Grande do Norte (+0,70%), Alagoas (+0,69%), Sergipe (+0,56%), Pernambuco (+0,54%), Bahia (+0,37%), Cear\u00e1 (+0,36%), Maranh\u00e3o (+0,24%) e Piau\u00ed (-0,04%).<\/p>\n<p>No agregado dos onze primeiros meses de 2023, levando em conta a s\u00e9rie ajustada, que incorpora as informa\u00e7\u00f5es declaradas fora do prazo, a Bahia preencheu 90.007 novas vagas \u2013 aumento de 4,73% em rela\u00e7\u00e3o ao total de v\u00ednculos celetistas do come\u00e7o do ano. O munic\u00edpio de Salvador, por sua vez, registrou 22.208 novos postos no per\u00edodo (varia\u00e7\u00e3o positiva de 3,67%).<\/p>\n<p>O crescimento do emprego celetista tamb\u00e9m foi observado no Brasil e no Nordeste no acumulado do ano, com 1.914.467 e 340.776 novas vagas, respectivamente \u2013 significando, nessa ordem, aumentos relativos de 4,51% e 4,86% em rela\u00e7\u00e3o ao quantitativo de empregos celetistas no in\u00edcio do ano. A Bahia (+4,73%), dessa forma, exibiu um crescimento relativo do emprego formal maior do que o do pa\u00eds, mas menor do que o do Nordeste no ano.<\/p>\n<p>Do conjunto das 27 unidades federativas do pa\u00eds, todas elas contaram com aumento do quantitativo de empregos celetistas no acumulado deste ano. A Bahia, com 90.007 novos postos, exibiu o sexto maior saldo agregado do pa\u00eds. O desempenho relativo baiano, com alta de 4,73% no ano, posicionou o estado na 18\u00aa coloca\u00e7\u00e3o no pa\u00eds como um todo.<\/p>\n<p>Ainda em termos de saldo acumulado no ano, a unidade federativa baiana (+90.007 vagas) continuou \u00e0 frente das demais do Nordeste, que contou com Pernambuco (+59.902 postos) e Cear\u00e1 (+58.413 v\u00ednculos) na segunda e terceira posi\u00e7\u00f5es, respectivamente. Em termos proporcionais, no ano, a Bahia (+4,73%) ficou na quinta posi\u00e7\u00e3o dentro da regi\u00e3o nordestina, atr\u00e1s do Piau\u00ed (+7,54%), Alagoas (5,80%), do Rio Grande do Norte (+5,53%) e Sergipe (4,76%).<\/p>\n","protected":false},"excerpt":{"rendered":"<p>Em novembro, segundo o Cadastro Geral de Empregados e Desempregados (Caged), a Bahia gerou 7.374 postos com carteira assinada, decorrente da diferen\u00e7a entre 70.975 admiss\u00f5es e 63.601 desligamentos. Trata-se do 11\u00ba m\u00eas seguido com saldo positivo. A capital do estado, Salvador, registrou um saldo de 4.201 postos de trabalho celetista no m\u00eas. De responsabilidade do [&hellip;]<\/p>\n","protected":false},"author":3,"featured_media":8560,"comment_status":"closed","ping_status":"closed","sticky":false,"template":"","format":"standard","meta":{"_links_to":"","_links_to_target":""},"categories":[1],"tags":[],"_links":{"self":[{"href":"https:\/\/www.correiodascidades.com.br\/v1\/wp-json\/wp\/v2\/posts\/8559"}],"collection":[{"href":"https:\/\/www.correiodascidades.com.br\/v1\/wp-json\/wp\/v2\/posts"}],"about":[{"href":"https:\/\/www.correiodascidades.com.br\/v1\/wp-json\/wp\/v2\/types\/post"}],"author":[{"embeddable":true,"href":"https:\/\/www.correiodascidades.com.br\/v1\/wp-json\/wp\/v2\/users\/3"}],"replies":[{"embeddable":true,"href":"https:\/\/www.correiodascidades.com.br\/v1\/wp-json\/wp\/v2\/comments?post=8559"}],"version-history":[{"count":1,"href":"https:\/\/www.correiodascidades.com.br\/v1\/wp-json\/wp\/v2\/posts\/8559\/revisions"}],"predecessor-version":[{"id":8561,"href":"https:\/\/www.correiodascidades.com.br\/v1\/wp-json\/wp\/v2\/posts\/8559\/revisions\/8561"}],"wp:featuredmedia":[{"embeddable":true,"href":"https:\/\/www.correiodascidades.com.br\/v1\/wp-json\/wp\/v2\/media\/8560"}],"wp:attachment":[{"href":"https:\/\/www.correiodascidades.com.br\/v1\/wp-json\/wp\/v2\/media?parent=8559"}],"wp:term":[{"taxonomy":"category","embeddable":true,"href":"https:\/\/www.correiodascidades.com.br\/v1\/wp-json\/wp\/v2\/categories?post=8559"},{"taxonomy":"post_tag","embeddable":true,"href":"https:\/\/www.correiodascidades.com.br\/v1\/wp-json\/wp\/v2\/tags?post=8559"}],"curies":[{"name":"wp","href":"https:\/\/api.w.org\/{rel}","templated":true}]}}