{"id":8563,"date":"2024-01-06T06:54:43","date_gmt":"2024-01-06T09:54:43","guid":{"rendered":"https:\/\/www.correiodascidades.com.br\/v1\/?p=8563"},"modified":"2024-01-06T06:54:43","modified_gmt":"2024-01-06T09:54:43","slug":"ednaldo-rodrigues-demite-fernando-diniz-da-selecao-brasileira-a","status":"publish","type":"post","link":"https:\/\/www.correiodascidades.com.br\/v1\/2024\/01\/06\/ednaldo-rodrigues-demite-fernando-diniz-da-selecao-brasileira-a\/","title":{"rendered":"Ednaldo Rodrigues demite Fernando Diniz da Sele\u00e7\u00e3o Brasileira a"},"content":{"rendered":"<h6><img loading=\"lazy\" class=\"\" src=\"https:\/\/www.correiodascidades.com.br\/v1\/wp-content\/uploads\/2024\/01\/20240105171030_244-edinaldo-300x300.jpeg\" width=\"501\" height=\"501\" \/><\/h6>\n<h6><span class=\"highlight\"><em>Rodrigues, presidente da CBF \u2013 Foto: Joilson Marconne\/CBF<\/em><\/span><\/h6>\n<h6>Fernando Diniz foi demitido nesta sexta-feira do cargo de treinador da sele\u00e7\u00e3o brasileira. A decis\u00e3o foi tomada pelo presidente da CBF, Ednaldo Rodrigues, um dia depois de ter sido reconduzido ao cargo por uma decis\u00e3o liminar do Supremo Tribunal Federal (STF). Em nota, a entidade agradeceu ao t\u00e9cnico do Fluminense e ressaltou a urg\u00eancia de eleger uma comiss\u00e3o definitiva (veja na \u00edntegra mais abaixo).&lt;<\/h6>\n<p>Ednaldo Rodrigues comunicou a decis\u00e3o na noite de quinta-feira a Mario Bittencourt, presidente do Fluminense \u2013 clube que tamb\u00e9m emprega Fernando Diniz como treinador. Na tarde desta sexta-feira, o presidente da CBF entrou em contato diretamente com o t\u00e9cnico.<\/p>\n<p>Na conversa, o dirigente afirmou que gostou do trabalho do treinador na Sele\u00e7\u00e3o, mas ressaltou que havia prometido a Mario Bittencourt que n\u00e3o tiraria Diniz do Fluminense.<\/p>\n<h4>Veja a nota da CBF<\/h4>\n<p><!--more--><\/p>\n<p><em>O presidente da Confedera\u00e7\u00e3o Brasileira de Futebol (CBF), Ednaldo Rodrigues, conversou na noite desta quinta-feira (4), com o presidente do Fluminense Football Club, Mario Bittencourt, a respeito da decis\u00e3o de contratar um t\u00e9cnico em definitivo para a Sele\u00e7\u00e3o Brasileira Masculina de futebol, visando a prepara\u00e7\u00e3o do time para a Copa do Mundo FIFA 2026.<\/em><\/p>\n<p>A decis\u00e3o foi informada ao t\u00e9cnico Fernando Diniz pelo pr\u00f3prio presidente, nesta sexta-feira (5), quando explicou os motivos da antecipa\u00e7\u00e3o no processo de escolha de um treinador definitivo.<\/p>\n<p>A CBF agradece a Fernando Diniz pelo trabalho realizado, por toda a sua dedica\u00e7\u00e3o e seriedade e pelo desafio de renovar a Sele\u00e7\u00e3o Brasileira durante o per\u00edodo em que esteve \u00e0 frente da equipe. Desejamos toda sorte a Fernando Diniz.<\/p>\n","protected":false},"excerpt":{"rendered":"<p>Rodrigues, presidente da CBF \u2013 Foto: Joilson Marconne\/CBF Fernando Diniz foi demitido nesta sexta-feira do cargo de treinador da sele\u00e7\u00e3o brasileira. A decis\u00e3o foi tomada pelo presidente da CBF, Ednaldo Rodrigues, um dia depois de ter sido reconduzido ao cargo por uma decis\u00e3o liminar do Supremo Tribunal Federal (STF). Em nota, a entidade agradeceu ao [&hellip;]<\/p>\n","protected":false},"author":3,"featured_media":8564,"comment_status":"closed","ping_status":"closed","sticky":false,"template":"","format":"standard","meta":{"_links_to":"","_links_to_target":""},"categories":[13],"tags":[],"_links":{"self":[{"href":"https:\/\/www.correiodascidades.com.br\/v1\/wp-json\/wp\/v2\/posts\/8563"}],"collection":[{"href":"https:\/\/www.correiodascidades.com.br\/v1\/wp-json\/wp\/v2\/posts"}],"about":[{"href":"https:\/\/www.correiodascidades.com.br\/v1\/wp-json\/wp\/v2\/types\/post"}],"author":[{"embeddable":true,"href":"https:\/\/www.correiodascidades.com.br\/v1\/wp-json\/wp\/v2\/users\/3"}],"replies":[{"embeddable":true,"href":"https:\/\/www.correiodascidades.com.br\/v1\/wp-json\/wp\/v2\/comments?post=8563"}],"version-history":[{"count":1,"href":"https:\/\/www.correiodascidades.com.br\/v1\/wp-json\/wp\/v2\/posts\/8563\/revisions"}],"predecessor-version":[{"id":8565,"href":"https:\/\/www.correiodascidades.com.br\/v1\/wp-json\/wp\/v2\/posts\/8563\/revisions\/8565"}],"wp:featuredmedia":[{"embeddable":true,"href":"https:\/\/www.correiodascidades.com.br\/v1\/wp-json\/wp\/v2\/media\/8564"}],"wp:attachment":[{"href":"https:\/\/www.correiodascidades.com.br\/v1\/wp-json\/wp\/v2\/media?parent=8563"}],"wp:term":[{"taxonomy":"category","embeddable":true,"href":"https:\/\/www.correiodascidades.com.br\/v1\/wp-json\/wp\/v2\/categories?post=8563"},{"taxonomy":"post_tag","embeddable":true,"href":"https:\/\/www.correiodascidades.com.br\/v1\/wp-json\/wp\/v2\/tags?post=8563"}],"curies":[{"name":"wp","href":"https:\/\/api.w.org\/{rel}","templated":true}]}}