{"id":8567,"date":"2024-01-06T07:22:17","date_gmt":"2024-01-06T10:22:17","guid":{"rendered":"https:\/\/www.correiodascidades.com.br\/v1\/?p=8567"},"modified":"2024-01-06T07:22:17","modified_gmt":"2024-01-06T10:22:17","slug":"exercito-conclui-que-nao-houve-crime-de-militares-no-dia-8-de-janeiro","status":"publish","type":"post","link":"https:\/\/www.correiodascidades.com.br\/v1\/2024\/01\/06\/exercito-conclui-que-nao-houve-crime-de-militares-no-dia-8-de-janeiro\/","title":{"rendered":"Ex\u00e9rcito conclui que n\u00e3o houve crime de militares no dia 8 de janeiro"},"content":{"rendered":"<div class=\"post-item-wrap\">\n<p><img src=\"https:\/\/www.correiodascidades.com.br\/v1\/wp-content\/uploads\/2024\/01\/mcajr_abr_qg_acampamento_0901233646-exercito.jpeg\" \/><\/p>\n<p>O Ex\u00e9rcito Brasileiro informou, nesta sexta-feira (5), que as sindic\u00e2ncias internas realizadas sobre os atos golpistas de 8 de janeiro conclu\u00edram que n\u00e3o houve ind\u00edcios de crime nos casos investigados.<img src=\"https:\/\/agenciabrasil.ebc.com.br\/ebc.png?id=1575362&amp;o=node\" \/><img src=\"https:\/\/agenciabrasil.ebc.com.br\/ebc.gif?id=1575362&amp;o=node\" \/><\/p>\n<p>Tamb\u00e9m afirmou que, ap\u00f3s a apura\u00e7\u00e3o, duas puni\u00e7\u00f5es disciplinares foram dadas aos militares envolvidos. As puni\u00e7\u00f5es ocorreram por transgress\u00f5es disciplinares na conduta e procedimentos adotados durante a a\u00e7\u00e3o no Pal\u00e1cio do Planalto.<\/p>\n<p>O Ex\u00e9rcito diz ainda que instaurou quatro inqu\u00e9ritos policiais militares e outros quatro processos administrativos para apurar crimes ou desvios de condutas de militares. Conclu\u00eddos os inqu\u00e9ritos, foram encaminhados \u00e0 justi\u00e7a militar, que condenou, at\u00e9 o momento, um coronel da reserva do Ex\u00e9rcito.<\/p>\n<h2>Marinha<\/h2>\n<p>J\u00e1 a Marinha informou que instaurou procedimentos administrativos contra tr\u00eas militares: sendo um oficial reformado, ap\u00f3s registro fotogr\u00e1fico em frente ao Congresso; um pra\u00e7a reformado, que tinha sido preso pela Pol\u00edcia Militar do Distrito Federal, mas que a justi\u00e7a militar arquivou a den\u00fancia; e uma pra\u00e7a da reserva, presa tamb\u00e9m pela PM, e que responde em liberdade provis\u00f3ria como r\u00e9 em a\u00e7\u00e3o no Supremo Tribunal Federal.<\/p>\n<p>O Ex\u00e9rcito destacou seu compromisso com a legalidade e transpar\u00eancia na presta\u00e7\u00e3o de informa\u00e7\u00e3o \u00e0 sociedade e no combate a desinforma\u00e7\u00e3o.<\/p>\n<p>J\u00e1 a Marinha afirmou que pauta sua conduta pela fiel observ\u00e2ncia da legisla\u00e7\u00e3o, valores \u00e9ticos e transpar\u00eancia.<\/p>\n<p>Procurada, a For\u00e7a A\u00e9rea n\u00e3o respondeu sobre o assunto at\u00e9 o fechamento desta reportagem.<\/p>\n<\/div>\n<p class=\"alt-font font-italic my-2 small text-info\">Edi\u00e7\u00e3o: Marcelo Brand\u00e3o<\/p>\n","protected":false},"excerpt":{"rendered":"<p>O Ex\u00e9rcito Brasileiro informou, nesta sexta-feira (5), que as sindic\u00e2ncias internas realizadas sobre os atos golpistas de 8 de janeiro conclu\u00edram que n\u00e3o houve ind\u00edcios de crime nos casos investigados. Tamb\u00e9m afirmou que, ap\u00f3s a apura\u00e7\u00e3o, duas puni\u00e7\u00f5es disciplinares foram dadas aos militares envolvidos. As puni\u00e7\u00f5es ocorreram por transgress\u00f5es disciplinares na conduta e procedimentos adotados [&hellip;]<\/p>\n","protected":false},"author":3,"featured_media":8568,"comment_status":"closed","ping_status":"closed","sticky":false,"template":"","format":"standard","meta":{"_links_to":"","_links_to_target":""},"categories":[1],"tags":[],"_links":{"self":[{"href":"https:\/\/www.correiodascidades.com.br\/v1\/wp-json\/wp\/v2\/posts\/8567"}],"collection":[{"href":"https:\/\/www.correiodascidades.com.br\/v1\/wp-json\/wp\/v2\/posts"}],"about":[{"href":"https:\/\/www.correiodascidades.com.br\/v1\/wp-json\/wp\/v2\/types\/post"}],"author":[{"embeddable":true,"href":"https:\/\/www.correiodascidades.com.br\/v1\/wp-json\/wp\/v2\/users\/3"}],"replies":[{"embeddable":true,"href":"https:\/\/www.correiodascidades.com.br\/v1\/wp-json\/wp\/v2\/comments?post=8567"}],"version-history":[{"count":1,"href":"https:\/\/www.correiodascidades.com.br\/v1\/wp-json\/wp\/v2\/posts\/8567\/revisions"}],"predecessor-version":[{"id":8569,"href":"https:\/\/www.correiodascidades.com.br\/v1\/wp-json\/wp\/v2\/posts\/8567\/revisions\/8569"}],"wp:featuredmedia":[{"embeddable":true,"href":"https:\/\/www.correiodascidades.com.br\/v1\/wp-json\/wp\/v2\/media\/8568"}],"wp:attachment":[{"href":"https:\/\/www.correiodascidades.com.br\/v1\/wp-json\/wp\/v2\/media?parent=8567"}],"wp:term":[{"taxonomy":"category","embeddable":true,"href":"https:\/\/www.correiodascidades.com.br\/v1\/wp-json\/wp\/v2\/categories?post=8567"},{"taxonomy":"post_tag","embeddable":true,"href":"https:\/\/www.correiodascidades.com.br\/v1\/wp-json\/wp\/v2\/tags?post=8567"}],"curies":[{"name":"wp","href":"https:\/\/api.w.org\/{rel}","templated":true}]}}