{"id":8573,"date":"2024-01-06T08:17:56","date_gmt":"2024-01-06T11:17:56","guid":{"rendered":"https:\/\/www.correiodascidades.com.br\/v1\/?p=8573"},"modified":"2024-01-06T08:17:56","modified_gmt":"2024-01-06T11:17:56","slug":"morre-zagallo-o-unico-tetracampeao-mundial-de-futebol","status":"publish","type":"post","link":"https:\/\/www.correiodascidades.com.br\/v1\/2024\/01\/06\/morre-zagallo-o-unico-tetracampeao-mundial-de-futebol\/","title":{"rendered":"Morre Zagallo, o \u00fanico tetracampe\u00e3o mundial de futebol"},"content":{"rendered":"<div id=\"chunk-f4hse\">\n<div class=\"mc-column content-text active-extra-styles \" data-block-type=\"unstyled\" data-block-weight=\"40\" data-block-id=\"9\">\n<p data-track-category=\"Link no Texto\" data-track-links=\"\"><img loading=\"lazy\" class=\"\" src=\"https:\/\/www.correiodascidades.com.br\/v1\/wp-content\/uploads\/2024\/01\/transferir-zagalo.jpg\" width=\"441\" height=\"276\" \/><\/p>\n<p class=\" content-text__container \" data-track-category=\"Link no Texto\" data-track-links=\"\">A lenda\u00a0<strong>M\u00e1rio Jorge Lobo Zagallo<\/strong>, o \u00fanico tetracampe\u00e3o mundial de futebol, morreu no\u00a0<a class=\"\" href=\"https:\/\/g1.globo.com\/rj\/rio-de-janeiro\/cidade\/rio-de-janeiro\/\">Rio de Janeiro<\/a>, aos 92 anos, nesta sexta-feira (5). A informa\u00e7\u00e3o foi confirmada pela assessoria do ex-jogador. Zagallo \u00e9 uma das maiores lendas do futebol brasileiro.<\/p>\n<\/div>\n<\/div>\n<div class=\"wall protected-content\">\n<div id=\"chunk-cl7ln\">\n<div class=\"mc-column content-text active-extra-styles \" data-block-type=\"unstyled\" data-block-weight=\"29\" data-block-id=\"11\">\n<p class=\" content-text__container \" data-track-category=\"Link no Texto\" data-track-links=\"\">Zagallo estava internado desde o fim de dezembro em um hospital do Rio de Janeiro. De acordo com o\u00a0<strong>ge<\/strong>, a causa da morte foi\u00a0<a class=\"\" href=\"https:\/\/ge.globo.com\/futebol\/times\/botafogo\/noticia\/2024\/01\/06\/zagallo-morre-no-rio-de-janeiro-aos-92-anos.ghtml\">fal\u00eancia m\u00faltipla dos \u00f3rg\u00e3os<\/a>.<\/p>\n<\/div>\n<\/div>\n<div id=\"chunk-ctocb\">\n<div class=\"mc-column content-text active-extra-styles \" data-block-type=\"unstyled\" data-block-weight=\"23\" data-block-id=\"12\">\n<p class=\" content-text__container \" data-track-category=\"Link no Texto\" data-track-links=\"\">&#8220;\u00c9 com enorme pesar que informamos o falecimento de nosso eterno tetracampe\u00e3o mundial Mario Jorge Lobo Zagallo&#8221;, diz a nota publicada pela fam\u00edlia.<\/p>\n<\/div>\n<\/div>\n<div id=\"chunk-3daen\">\n<div class=\"mc-column content-text active-extra-styles\" data-block-type=\"raw\" data-block-weight=\"28\" data-block-id=\"13\"><\/div>\n<\/div>\n<\/div>\n<p><!--more--><\/p>\n<div class=\"wall protected-content\">\n<div id=\"chunk-3daen\">\n<div class=\"mc-column content-text active-extra-styles\" data-block-type=\"raw\" data-block-weight=\"28\" data-block-id=\"13\">\n<blockquote class=\"content-blockquote theme-border-color-primary-before\"><p>&#8220;Um pai devotado, av\u00f4 amoroso, sogro carinhoso, amigo fiel, profissional vitorioso e um grande ser humano. \u00cddolo gigante. Um patriota que nos deixa um legado de grandes conquistas.&#8221;<\/p><\/blockquote>\n<\/div>\n<\/div>\n<div id=\"chunk-7p9ph\">\n<div class=\"mc-column content-text active-extra-styles \" data-block-type=\"unstyled\" data-block-weight=\"31\" data-block-id=\"14\">\n<p class=\" content-text__container \" data-track-category=\"Link no Texto\" data-track-links=\"\">&#8220;Agradecemos a Deus pelo tempo que pudemos conviver com voc\u00ea e pedimos ao Pai que encontremos conforto nas boas lembran\u00e7as e no grande exemplo que voc\u00ea nos deixa&#8221;, conclui a nota.<\/p>\n<\/div>\n<\/div>\n<div id=\"chunk-i5li\">\n<div class=\"mc-column content-text active-extra-styles \" data-block-type=\"unstyled\" data-block-weight=\"26\" data-block-id=\"15\">\n<p class=\" content-text__container \" data-track-category=\"Link no Texto\" data-track-links=\"\">Em agosto de 2023,\u00a0<a class=\"\" href=\"https:\/\/g1.globo.com\/rj\/rio-de-janeiro\/noticia\/2023\/09\/01\/to-de-volta-comemora-zagallo-apos-ter-alta-medica-e-voltar-para-casa-no-rio.ghtml\">Zagallo ficou 22 dias internado<\/a>\u00a0para tratar uma infec\u00e7\u00e3o urin\u00e1ria. J\u00e1 em 2022, ele foi hospitalizado com um quadro de infec\u00e7\u00e3o respirat\u00f3ria.<\/p>\n<\/div>\n<\/div>\n<\/div>\n<p>&nbsp;<\/p>\n","protected":false},"excerpt":{"rendered":"<p>A lenda\u00a0M\u00e1rio Jorge Lobo Zagallo, o \u00fanico tetracampe\u00e3o mundial de futebol, morreu no\u00a0Rio de Janeiro, aos 92 anos, nesta sexta-feira (5). A informa\u00e7\u00e3o foi confirmada pela assessoria do ex-jogador. Zagallo \u00e9 uma das maiores lendas do futebol brasileiro. Zagallo estava internado desde o fim de dezembro em um hospital do Rio de Janeiro. De acordo [&hellip;]<\/p>\n","protected":false},"author":3,"featured_media":8574,"comment_status":"closed","ping_status":"closed","sticky":false,"template":"","format":"standard","meta":{"_links_to":"","_links_to_target":""},"categories":[2,13],"tags":[],"_links":{"self":[{"href":"https:\/\/www.correiodascidades.com.br\/v1\/wp-json\/wp\/v2\/posts\/8573"}],"collection":[{"href":"https:\/\/www.correiodascidades.com.br\/v1\/wp-json\/wp\/v2\/posts"}],"about":[{"href":"https:\/\/www.correiodascidades.com.br\/v1\/wp-json\/wp\/v2\/types\/post"}],"author":[{"embeddable":true,"href":"https:\/\/www.correiodascidades.com.br\/v1\/wp-json\/wp\/v2\/users\/3"}],"replies":[{"embeddable":true,"href":"https:\/\/www.correiodascidades.com.br\/v1\/wp-json\/wp\/v2\/comments?post=8573"}],"version-history":[{"count":1,"href":"https:\/\/www.correiodascidades.com.br\/v1\/wp-json\/wp\/v2\/posts\/8573\/revisions"}],"predecessor-version":[{"id":8575,"href":"https:\/\/www.correiodascidades.com.br\/v1\/wp-json\/wp\/v2\/posts\/8573\/revisions\/8575"}],"wp:featuredmedia":[{"embeddable":true,"href":"https:\/\/www.correiodascidades.com.br\/v1\/wp-json\/wp\/v2\/media\/8574"}],"wp:attachment":[{"href":"https:\/\/www.correiodascidades.com.br\/v1\/wp-json\/wp\/v2\/media?parent=8573"}],"wp:term":[{"taxonomy":"category","embeddable":true,"href":"https:\/\/www.correiodascidades.com.br\/v1\/wp-json\/wp\/v2\/categories?post=8573"},{"taxonomy":"post_tag","embeddable":true,"href":"https:\/\/www.correiodascidades.com.br\/v1\/wp-json\/wp\/v2\/tags?post=8573"}],"curies":[{"name":"wp","href":"https:\/\/api.w.org\/{rel}","templated":true}]}}