{"id":8737,"date":"2024-01-16T08:42:16","date_gmt":"2024-01-16T11:42:16","guid":{"rendered":"https:\/\/www.correiodascidades.com.br\/v1\/?p=8737"},"modified":"2024-01-16T09:30:49","modified_gmt":"2024-01-16T12:30:49","slug":"pm-suspeito-de-matar-jovem-a-tiros-na-ba-se-apresenta-em-delegacia-e-e-liberado-homem-alegou-disparo-acidental","status":"publish","type":"post","link":"https:\/\/www.correiodascidades.com.br\/v1\/2024\/01\/16\/pm-suspeito-de-matar-jovem-a-tiros-na-ba-se-apresenta-em-delegacia-e-e-liberado-homem-alegou-disparo-acidental\/","title":{"rendered":"PM suspeito de matar jovem a tiros dentro do posto de gasolina se apresenta e sai pela porta da frente"},"content":{"rendered":"<div id=\"chunk-2h6ff\"><\/div>\n<div class=\"wall protected-content\">\n<div id=\"chunk-a2rg6\">\n<div class=\"mc-column content-text active-extra-styles \" data-block-type=\"unstyled\" data-block-weight=\"34\" data-block-id=\"13\">\n<div id=\"chunk-2h6ff\">\n<div class=\"mc-column content-text active-extra-styles \" data-block-type=\"unstyled\" data-block-weight=\"42\" data-block-id=\"23\">\n<div id=\"chunk-2h6ff\">\n<div data-block-type=\"unstyled\" data-block-weight=\"42\" data-block-id=\"23\"><img loading=\"lazy\" class=\"alignnone  wp-image-8682\" src=\"https:\/\/www.correiodascidades.com.br\/v1\/wp-content\/uploads\/2024\/01\/image-POLICIAZL.jpg\" alt=\"\" width=\"514\" height=\"729\" srcset=\"https:\/\/www.correiodascidades.com.br\/v1\/wp-content\/uploads\/2024\/01\/image-POLICIAZL.jpg 282w, https:\/\/www.correiodascidades.com.br\/v1\/wp-content\/uploads\/2024\/01\/image-POLICIAZL-212x300.jpg 212w\" sizes=\"(max-width: 514px) 100vw, 514px\" \/><\/div>\n<div class=\"mc-column content-text active-extra-styles \" data-block-type=\"unstyled\" data-block-weight=\"42\" data-block-id=\"23\"><span style=\"color: initial;\">Jo\u00e3o Wagner Madureira se apresentou nesta segunda-feira (15), na delegacia de Ilh\u00e9us, mesma cidade onde ocorreu o crime. Fernanda Santos Pereira, de 23 anos, foi morta em um posto de combust\u00edvel.\u00a0<\/span><\/div>\n<\/div>\n<div id=\"chunk-b8qka\">\n<div class=\"mc-column content-text active-extra-styles \" data-block-type=\"unstyled\" data-block-weight=\"53\" data-block-id=\"6\"><\/div>\n<\/div>\n<\/div>\n<\/div>\n<\/div>\n<\/div>\n<\/div>\n<p><!--more--><\/p>\n<div class=\"wall protected-content\">\n<div id=\"chunk-a2rg6\">\n<div class=\"mc-column content-text active-extra-styles \" data-block-type=\"unstyled\" data-block-weight=\"34\" data-block-id=\"13\">\n<div id=\"chunk-2h6ff\">\n<div class=\"mc-column content-text active-extra-styles \" data-block-type=\"unstyled\" data-block-weight=\"42\" data-block-id=\"23\">\n<div id=\"chunk-b8qka\">\n<div class=\"mc-column content-text active-extra-styles \" data-block-type=\"unstyled\" data-block-weight=\"53\" data-block-id=\"6\">\n<p class=\" content-text__container \" data-track-category=\"Link no Texto\" data-track-links=\"\">O\u00a0<a class=\"\" href=\"https:\/\/g1.globo.com\/ba\/bahia\/noticia\/2024\/01\/12\/suspeito-de-matar-jovem-de-23-anos-na-bahia.ghtml\">policial militar Jo\u00e3o Wagner Madureira<\/a>, suspeito de matar a jovem Fernanda Santos Pereira a tiros, se apresentou nesta segunda-feira (15), na delegacia de\u00a0<a class=\"\" href=\"https:\/\/g1.globo.com\/ba\/bahia\/cidade\/ilheus\/\">Ilh\u00e9us<\/a>, no sul da Bahia, onde ocorreu o crime. A jovem de 23 anos foi morta na madrugada da \u00faltima quinta (11), em um posto de combust\u00edvel da cidade.<\/p>\n<\/div>\n<\/div>\n<div class=\"wall protected-content\">\n<div id=\"chunk-7jqvg\">\n<div class=\"mc-column content-text active-extra-styles \" data-block-type=\"unstyled\" data-block-weight=\"41\" data-block-id=\"9\">\n<p class=\" content-text__container \" data-track-category=\"Link no Texto\" data-track-links=\"\">Como apurado pela TV Santa Cruz (afiliada da TV Bahia na regi\u00e3o) com o delegado \u00e0 frente do caso, o homem foi ouvido e liberado, j\u00e1 que o prazo para pris\u00e3o em flagrante havia encerrado. O suspeito ainda alegou disparo acidental.<\/p>\n<\/div>\n<\/div>\n<div id=\"chunk-2orp\"><span style=\"color: initial;\">Em nota enviada \u00e0 imprensa anteriormente, os advogados de Madureira disseram que o homem n\u00e3o conhecia a v\u00edtima, que estaria &#8220;descontrolada&#8221; no momento do confronto. <\/span><strong style=\"color: initial;\"><em>[Veja a \u00edntegra da nota ao final do texto]<\/em><\/strong><\/div>\n<div id=\"chunk-c9ki\">\n<div class=\"row medium-uncollapsed content-media content-photo\" data-block-type=\"backstage-photo\" data-block-id=\"12\">\n<div class=\" mc-column content-media__container\">\n<div class=\"content-media-container glb-skeleton-box\">\n<figure class=\"content-media-figure\"><img loading=\"lazy\" class=\"i-amphtml-fill-content i-amphtml-replaced-content\" src=\"https:\/\/s2-g1.glbimg.com\/s2HlRcYtI2BOU_1F6K4_6OpRtb0=\/0x0:800x620\/984x0\/smart\/filters:strip_icc()\/i.s3.glbimg.com\/v1\/AUTH_59edd422c0c84a879bd37670ae4f538a\/internal_photos\/bs\/2024\/6\/B\/UFkw4HR7ufL1zXWLlTFA\/whatsapp-image-2024-01-11-at-20.09.45.png\" sizes=\"(max-width: 1366px) 648px, 100vw\" srcset=\"https:\/\/s2-g1.glbimg.com\/IZA_85Qrf19849Z2-7I_TDYzbBs=\/0x0:800x620\/1000x0\/smart\/filters:strip_icc()\/i.s3.glbimg.com\/v1\/AUTH_59edd422c0c84a879bd37670ae4f538a\/internal_photos\/bs\/2024\/6\/B\/UFkw4HR7ufL1zXWLlTFA\/whatsapp-image-2024-01-11-at-20.09.45.png 1000w, https:\/\/s2-g1.glbimg.com\/s2HlRcYtI2BOU_1F6K4_6OpRtb0=\/0x0:800x620\/984x0\/smart\/filters:strip_icc()\/i.s3.glbimg.com\/v1\/AUTH_59edd422c0c84a879bd37670ae4f538a\/internal_photos\/bs\/2024\/6\/B\/UFkw4HR7ufL1zXWLlTFA\/whatsapp-image-2024-01-11-at-20.09.45.png 984w, https:\/\/s2-g1.glbimg.com\/fY5Q2ehU8kei2Db5_LMuRqoRWlo=\/0x0:800x620\/640x0\/smart\/filters:strip_icc()\/i.s3.glbimg.com\/v1\/AUTH_59edd422c0c84a879bd37670ae4f538a\/internal_photos\/bs\/2024\/6\/B\/UFkw4HR7ufL1zXWLlTFA\/whatsapp-image-2024-01-11-at-20.09.45.png 640w, https:\/\/s2-g1.glbimg.com\/cav3dM8J2ixHBuJzuf4ndh6AYsg=\/0x0:800x620\/600x0\/smart\/filters:strip_icc()\/i.s3.glbimg.com\/v1\/AUTH_59edd422c0c84a879bd37670ae4f538a\/internal_photos\/bs\/2024\/6\/B\/UFkw4HR7ufL1zXWLlTFA\/whatsapp-image-2024-01-11-at-20.09.45.png 600w\" alt=\"Jovem foi socorrida ap\u00f3s ser baleada, mas n\u00e3o resistiu aos ferimentos \u2014 Foto: Reprodu\u00e7\u00e3o\/TV Santa Cruz\" width=\"520\" height=\"403\" \/><\/figure>\n<\/div>\n<\/div>\n<\/div>\n<\/div>\n<div id=\"chunk-a2rg6\">\n<div class=\"mc-column content-text active-extra-styles \" data-block-type=\"unstyled\" data-block-weight=\"34\" data-block-id=\"13\">\n<div id=\"chunk-fmukv\"><em style=\"color: initial;\">Jo\u00e3o Wagner est\u00e1 comprometido em se apresentar voluntariamente \u00e0s autoridades competentes e cooperar plenamente com as investiga\u00e7\u00f5es em curso. Entendemos que essa trag\u00e9dia em quest\u00e3o n\u00e3o apaga sua hist\u00f3ria em defesa da sociedade enquanto policial militar, mas compreendemos a responsabilidade de responder judicialmente por seus atos. Como deve sempre ser, independente de quem seja.<\/em><\/div>\n<\/div>\n<\/div>\n<\/div>\n<\/div>\n<\/div>\n<\/div>\n<\/div>\n<\/div>\n<div id=\"chunk-bu9nl\">\n<div class=\"mc-column content-text active-extra-styles \" data-block-type=\"unstyled\" data-block-weight=\"10\" data-block-id=\"19\">\n<p data-track-category=\"Link no Texto\" data-track-links=\"\"><em style=\"color: initial;\">\u00c9 com profundo pesar que comunicamos a todos sobre o tr\u00e1gico incidente envolvendo o policial militar Jo\u00e3o Wagner Madureira, conhecido como Cenoura, lotado na 69\u00aa CIPM, na madrugada desta quinta-feira(11\/01).<\/em><\/p>\n<\/div>\n<\/div>\n<div id=\"chunk-ao6m1\">\n<div class=\"mc-column content-text active-extra-styles \" data-block-type=\"unstyled\" data-block-weight=\"60\" data-block-id=\"21\">\n<p class=\" content-text__container \" data-track-category=\"Link no Texto\" data-track-links=\"\"><em>No calor de uma discuss\u00e3o, o PM se envolveu em um incidente fatal que resultou na perda de uma vida. O policial sempre dedicou sua carreira \u00e0 defesa da sociedade e, em especial, \u00e0 prote\u00e7\u00e3o das mulheres atendendo e prestando socorro em diversos casos de agress\u00e3o a mulher. O ocorrido \u00e9 inquestionavelmente repugnante, e estamos cientes da gravidade dos fatos.<\/em><\/p>\n<\/div>\n<\/div>\n<div id=\"chunk-fjacv\"><em style=\"color: initial;\">Jo\u00e3o Wagner Madureira reconhece a gravidade do ocorrido e est\u00e1 preparado para responder perante a justi\u00e7a dos homens e a justi\u00e7a divina. Neste momento dif\u00edcil, expressamos nossas sinceras condol\u00eancias \u00e0 fam\u00edlia enlutada.<\/em><\/div>\n<div id=\"chunk-6l8cu\">\n<div class=\"mc-column content-text active-extra-styles \" data-block-type=\"unstyled\" data-block-weight=\"22\" data-block-id=\"26\">\n<p class=\" content-text__container \" data-track-category=\"Link no Texto\" data-track-links=\"\"><em>Nosso compromisso \u00e9 com a verdade e a justi\u00e7a, e confiamos no devido processo legal para esclarecer os detalhes deste tr\u00e1gico epis\u00f3dio.<\/em><\/p>\n<\/div>\n<\/div>\n<div id=\"chunk-6l8cu\">\n<div class=\"mc-column content-text active-extra-styles \" data-block-type=\"unstyled\" data-block-weight=\"22\" data-block-id=\"26\">\n<p class=\" content-text__container \" data-track-category=\"Link no Texto\" data-track-links=\"\">\n<\/div>\n<\/div>\n","protected":false},"excerpt":{"rendered":"<p>Jo\u00e3o Wagner Madureira se apresentou nesta segunda-feira (15), na delegacia de Ilh\u00e9us, mesma cidade onde ocorreu o crime. Fernanda Santos Pereira, de 23 anos, foi morta em um posto de combust\u00edvel.\u00a0<\/p>\n","protected":false},"author":3,"featured_media":8738,"comment_status":"closed","ping_status":"closed","sticky":false,"template":"","format":"standard","meta":{"_links_to":"","_links_to_target":""},"categories":[2],"tags":[],"_links":{"self":[{"href":"https:\/\/www.correiodascidades.com.br\/v1\/wp-json\/wp\/v2\/posts\/8737"}],"collection":[{"href":"https:\/\/www.correiodascidades.com.br\/v1\/wp-json\/wp\/v2\/posts"}],"about":[{"href":"https:\/\/www.correiodascidades.com.br\/v1\/wp-json\/wp\/v2\/types\/post"}],"author":[{"embeddable":true,"href":"https:\/\/www.correiodascidades.com.br\/v1\/wp-json\/wp\/v2\/users\/3"}],"replies":[{"embeddable":true,"href":"https:\/\/www.correiodascidades.com.br\/v1\/wp-json\/wp\/v2\/comments?post=8737"}],"version-history":[{"count":5,"href":"https:\/\/www.correiodascidades.com.br\/v1\/wp-json\/wp\/v2\/posts\/8737\/revisions"}],"predecessor-version":[{"id":8744,"href":"https:\/\/www.correiodascidades.com.br\/v1\/wp-json\/wp\/v2\/posts\/8737\/revisions\/8744"}],"wp:featuredmedia":[{"embeddable":true,"href":"https:\/\/www.correiodascidades.com.br\/v1\/wp-json\/wp\/v2\/media\/8738"}],"wp:attachment":[{"href":"https:\/\/www.correiodascidades.com.br\/v1\/wp-json\/wp\/v2\/media?parent=8737"}],"wp:term":[{"taxonomy":"category","embeddable":true,"href":"https:\/\/www.correiodascidades.com.br\/v1\/wp-json\/wp\/v2\/categories?post=8737"},{"taxonomy":"post_tag","embeddable":true,"href":"https:\/\/www.correiodascidades.com.br\/v1\/wp-json\/wp\/v2\/tags?post=8737"}],"curies":[{"name":"wp","href":"https:\/\/api.w.org\/{rel}","templated":true}]}}