{"id":8755,"date":"2024-01-17T07:52:27","date_gmt":"2024-01-17T10:52:27","guid":{"rendered":"https:\/\/www.correiodascidades.com.br\/v1\/?p=8755"},"modified":"2024-01-17T07:52:27","modified_gmt":"2024-01-17T10:52:27","slug":"a-bahia-registrou-56-assassinatos-nos-primeiros-15-dias-do-ano-estado-esta-nas-maos-dos-bandidos-diz-acm-neto","status":"publish","type":"post","link":"https:\/\/www.correiodascidades.com.br\/v1\/2024\/01\/17\/a-bahia-registrou-56-assassinatos-nos-primeiros-15-dias-do-ano-estado-esta-nas-maos-dos-bandidos-diz-acm-neto\/","title":{"rendered":"A Bahia registrou 56 assassinatos nos primeiros 15 dias do ano. \u2018Estado est\u00e1 nas m\u00e3os dos bandidos\u2019, diz ACM Neto."},"content":{"rendered":"<p><img loading=\"lazy\" class=\"\" src=\"https:\/\/www.correiodascidades.com.br\/v1\/wp-content\/uploads\/2024\/01\/IMG-20240116-WA0093.jpg\" width=\"496\" height=\"330\" \/><\/p>\n<p><span class=\"dropcap \">O <\/span>ex-prefeito de Salvador e secret\u00e1rio-geral do Uni\u00e3o Brasil, ACM Neto, usou as redes sociais nesta ter\u00e7a-feira (16) para comentar os \u00edndices de viol\u00eancia na Bahia.<\/p>\n<p>Segundo o Instituto Fogo Cruzado, nos primeiros 15 dias do ano, 56 pessoas foram assassinadas no estado, quase o dobro de homic\u00eddios registrados no Rio de Janeiro.<\/p>\n<p>Nesta segunda (15) um morador do Engenho Velho da Federa\u00e7\u00e3o foi assassinado por traficantes do Comando Vermelho (CV). O motivo teria sido que ele n\u00e3o teria deixado a fac\u00e7\u00e3o instalar no poste da casa dele c\u00e2meras de monitoramento e internet.<\/p>\n<blockquote><p>\u201cOs primeiros dias de 2024 na Bahia foram de estrago na viol\u00eancia \u2013 n\u00e3o que em 17 anos de governos do PT tenham sido melhor em algo. Ontem um trabalhador foi assassinado no Engenho Velho da Federa\u00e7\u00e3o porque n\u00e3o seguiu as regras da fac\u00e7\u00e3o que manda e desmanda no bairro\u201d, disse:<\/p><\/blockquote>\n<p>Para ACM Neto, \u201ca Bahia est\u00e1 nas m\u00e3os dos bandidos\u201d.<\/p>\n<blockquote><p>\u201cEnquanto isso, o governador insiste em cruzar os bra\u00e7os e minimizar o tamanho do problema. As consequ\u00eancias da falta de comando e de pol\u00edticas p\u00fablicas eficientes s\u00e3o tr\u00e1gicas\u201d, completou Neto.<\/p><\/blockquote>\n","protected":false},"excerpt":{"rendered":"<p>O ex-prefeito de Salvador e secret\u00e1rio-geral do Uni\u00e3o Brasil, ACM Neto, usou as redes sociais nesta ter\u00e7a-feira (16) para comentar os \u00edndices de viol\u00eancia na Bahia. Segundo o Instituto Fogo Cruzado, nos primeiros 15 dias do ano, 56 pessoas foram assassinadas no estado, quase o dobro de homic\u00eddios registrados no Rio de Janeiro. Nesta segunda [&hellip;]<\/p>\n","protected":false},"author":3,"featured_media":8756,"comment_status":"closed","ping_status":"closed","sticky":false,"template":"","format":"standard","meta":{"_links_to":"","_links_to_target":""},"categories":[10],"tags":[],"_links":{"self":[{"href":"https:\/\/www.correiodascidades.com.br\/v1\/wp-json\/wp\/v2\/posts\/8755"}],"collection":[{"href":"https:\/\/www.correiodascidades.com.br\/v1\/wp-json\/wp\/v2\/posts"}],"about":[{"href":"https:\/\/www.correiodascidades.com.br\/v1\/wp-json\/wp\/v2\/types\/post"}],"author":[{"embeddable":true,"href":"https:\/\/www.correiodascidades.com.br\/v1\/wp-json\/wp\/v2\/users\/3"}],"replies":[{"embeddable":true,"href":"https:\/\/www.correiodascidades.com.br\/v1\/wp-json\/wp\/v2\/comments?post=8755"}],"version-history":[{"count":1,"href":"https:\/\/www.correiodascidades.com.br\/v1\/wp-json\/wp\/v2\/posts\/8755\/revisions"}],"predecessor-version":[{"id":8757,"href":"https:\/\/www.correiodascidades.com.br\/v1\/wp-json\/wp\/v2\/posts\/8755\/revisions\/8757"}],"wp:featuredmedia":[{"embeddable":true,"href":"https:\/\/www.correiodascidades.com.br\/v1\/wp-json\/wp\/v2\/media\/8756"}],"wp:attachment":[{"href":"https:\/\/www.correiodascidades.com.br\/v1\/wp-json\/wp\/v2\/media?parent=8755"}],"wp:term":[{"taxonomy":"category","embeddable":true,"href":"https:\/\/www.correiodascidades.com.br\/v1\/wp-json\/wp\/v2\/categories?post=8755"},{"taxonomy":"post_tag","embeddable":true,"href":"https:\/\/www.correiodascidades.com.br\/v1\/wp-json\/wp\/v2\/tags?post=8755"}],"curies":[{"name":"wp","href":"https:\/\/api.w.org\/{rel}","templated":true}]}}