{"id":8777,"date":"2024-01-20T20:27:11","date_gmt":"2024-01-20T23:27:11","guid":{"rendered":"https:\/\/www.correiodascidades.com.br\/v1\/?p=8777"},"modified":"2024-01-20T20:27:11","modified_gmt":"2024-01-20T23:27:11","slug":"vitoria-venceno-bahia-de-feira-e-dorme-na-lideranca-isolada-do-baianao","status":"publish","type":"post","link":"https:\/\/www.correiodascidades.com.br\/v1\/2024\/01\/20\/vitoria-venceno-bahia-de-feira-e-dorme-na-lideranca-isolada-do-baianao\/","title":{"rendered":"Vit\u00f3ria venceno Bahia de Feira e dorme na lideran\u00e7a isolada do Baian\u00e3o"},"content":{"rendered":"<div class=\"entry-header\">\n<h1 class=\"jeg_post_title\"><\/h1>\n<\/div>\n<div class=\"entry-content with-share\">\n<div class=\"content-inner \">\n<p><span class=\"highlight\"><a href=\"https:\/\/www.jornaldamidia.com.br\/wp-content\/uploads\/2024\/01\/vic-3574.jpg\" class=\"gallery_colorbox\"><img class=\"size-full wp-image-355501\" src=\"https:\/\/www.jornaldamidia.com.br\/wp-content\/uploads\/2024\/01\/vic-3574.jpg\"  alt=\"\" data-pin-no-hover=\"true\" \/><\/a><em>Fotor: Victor Ferreira\/EC Vit\u00f3ria<\/em><\/span><\/p>\n<p>Com um gol de Osvaldo marcado aos 7 minutos de jogo, o Vit\u00f3ria derrotou por 1 a 0 o Bahia de Feira, na tarde deste s\u00e1bado (20), no Barrad\u00e3o, e chegou aos seis pontos no Campeonato Baiano. O p\u00fablico no Barrad\u00e3o foi de 12.509 pessoas.<\/p>\n<p>Osvaldo foi escolhido o Craque do Jogo e ganhou o trof\u00e9u ao final. Com seis pontos ganhos, o Vit\u00f3ria est\u00e1 isolado na lideran\u00e7a. Por\u00e9m, Atl\u00e9tico de Alagoinhas e Jequi\u00e9, ambos com tr\u00eas, jogam neste domingo completando a segunda rodada.<\/p>\n<p>O Vit\u00f3ria mandou no jogo, abriu o placar com sete minutos e depois embora tivesse reduzido a intensidade devido ao forte calor, criou oportunidades para dilatar o placar. A pontaria foi ineficiente e o goleiro Jean fez boas defesas.<\/p>\n<p>O gol foi bem constru\u00eddo. Matheusinho iniciou a jogada e enfiou a bola para Caio Dantas. Na \u00e1rea, ele tocou para Osvaldo, sem marca\u00e7\u00e3o, mandar uma para o gol de Jean.<\/p>\n<p>Um ponto que merece ser ressaltado foi a ca\u00e7a ao meia Matheusinho. O habilidoso meia \u201capanhou\u201d diante da confusa arbitragem que nada fez para coibir.<\/p>\n<p>O Vit\u00f3ria volta a jogar quarta-feira (24), contra o Barcelona, no M\u00e1rio Pessoa, em Ilh\u00e9us, \u00e0s 21h30 (de Bras\u00edlia).<\/p>\n<\/div>\n<\/div>\n","protected":false},"excerpt":{"rendered":"<p>Fotor: Victor Ferreira\/EC Vit\u00f3ria Com um gol de Osvaldo marcado aos 7 minutos de jogo, o Vit\u00f3ria derrotou por 1 a 0 o Bahia de Feira, na tarde deste s\u00e1bado (20), no Barrad\u00e3o, e chegou aos seis pontos no Campeonato Baiano. O p\u00fablico no Barrad\u00e3o foi de 12.509 pessoas. Osvaldo foi escolhido o Craque do [&hellip;]<\/p>\n","protected":false},"author":3,"featured_media":8769,"comment_status":"closed","ping_status":"closed","sticky":false,"template":"","format":"standard","meta":{"_links_to":"","_links_to_target":""},"categories":[2],"tags":[],"_links":{"self":[{"href":"https:\/\/www.correiodascidades.com.br\/v1\/wp-json\/wp\/v2\/posts\/8777"}],"collection":[{"href":"https:\/\/www.correiodascidades.com.br\/v1\/wp-json\/wp\/v2\/posts"}],"about":[{"href":"https:\/\/www.correiodascidades.com.br\/v1\/wp-json\/wp\/v2\/types\/post"}],"author":[{"embeddable":true,"href":"https:\/\/www.correiodascidades.com.br\/v1\/wp-json\/wp\/v2\/users\/3"}],"replies":[{"embeddable":true,"href":"https:\/\/www.correiodascidades.com.br\/v1\/wp-json\/wp\/v2\/comments?post=8777"}],"version-history":[{"count":1,"href":"https:\/\/www.correiodascidades.com.br\/v1\/wp-json\/wp\/v2\/posts\/8777\/revisions"}],"predecessor-version":[{"id":8778,"href":"https:\/\/www.correiodascidades.com.br\/v1\/wp-json\/wp\/v2\/posts\/8777\/revisions\/8778"}],"wp:featuredmedia":[{"embeddable":true,"href":"https:\/\/www.correiodascidades.com.br\/v1\/wp-json\/wp\/v2\/media\/8769"}],"wp:attachment":[{"href":"https:\/\/www.correiodascidades.com.br\/v1\/wp-json\/wp\/v2\/media?parent=8777"}],"wp:term":[{"taxonomy":"category","embeddable":true,"href":"https:\/\/www.correiodascidades.com.br\/v1\/wp-json\/wp\/v2\/categories?post=8777"},{"taxonomy":"post_tag","embeddable":true,"href":"https:\/\/www.correiodascidades.com.br\/v1\/wp-json\/wp\/v2\/tags?post=8777"}],"curies":[{"name":"wp","href":"https:\/\/api.w.org\/{rel}","templated":true}]}}