{"id":8798,"date":"2024-01-20T21:29:51","date_gmt":"2024-01-21T00:29:51","guid":{"rendered":"https:\/\/www.correiodascidades.com.br\/v1\/?p=8798"},"modified":"2024-01-20T21:29:51","modified_gmt":"2024-01-21T00:29:51","slug":"homem-e-morto-a-tiros-no-centro-de-ipiau","status":"publish","type":"post","link":"https:\/\/www.correiodascidades.com.br\/v1\/2024\/01\/20\/homem-e-morto-a-tiros-no-centro-de-ipiau\/","title":{"rendered":"Homem \u00e9 morto a tiros no centro de Ipia\u00fa"},"content":{"rendered":"<h3 class=\"post-title entry-title\"><\/h3>\n<div id=\"post-body-7103201973220052243\" class=\"post-body entry-content\">\n<div class=\"separator\"><a href=\"https:\/\/blogger.googleusercontent.com\/img\/a\/AVvXsEieXo56dZf0m5VH1TCdWHf1pThsoYJ6QlFW4qikHIJCvZi0BWmtEVhS5wQzC2XmcPVsxNmFQbozj5Jkf9WoKEh8mOM_QS82vhTuQUEv2aekxggfQvAQNiuJ4F0bUgoc5OeOwbExbVeskiUb9Zog-pNvGBFDfW-ccTA5NVLWcJJpQZxxrF-6FOYRjyXofG08\"><img loading=\"lazy\" src=\"https:\/\/blogger.googleusercontent.com\/img\/a\/AVvXsEieXo56dZf0m5VH1TCdWHf1pThsoYJ6QlFW4qikHIJCvZi0BWmtEVhS5wQzC2XmcPVsxNmFQbozj5Jkf9WoKEh8mOM_QS82vhTuQUEv2aekxggfQvAQNiuJ4F0bUgoc5OeOwbExbVeskiUb9Zog-pNvGBFDfW-ccTA5NVLWcJJpQZxxrF-6FOYRjyXofG08=w516-h387\" alt=\"\" width=\"516\" height=\"387\" data-original-height=\"450\" data-original-width=\"600\" \/><\/a><\/div>\n<p>&nbsp;<\/p>\n<p>Um homem foi morto a tiros na noite desta sexta-feira, 19, na Pra\u00e7a da B\u00edblia, antiga Feirinha, no centro de Ipia\u00fa. Conforme informa\u00e7\u00f5es apuradas no local pela reportagem do GIRO, a v\u00edtima estava sentada numa cadeira em frente a um estabelecimento quando foi surpreendida pelo autor dos disparos. Ningu\u00e9m no local quis comentar sobre as circunst\u00e2ncias do crime. Moradores vizinhos informaram que ouviram muitos tiros.<\/p>\n<\/div>\n<p><!--more--><\/p>\n<p>&nbsp;<\/p>\n<div class=\"separator\"><a href=\"https:\/\/blogger.googleusercontent.com\/img\/a\/AVvXsEhsgaABuHsoVk651SJ8DlyPzULH1Ky85b1O0WILsep-rpSXL5-ppgmXy8-GlzVATw96IZK-ynwLtxKknZZCMOEDLlkPoncEd2_H7m0HcCjfblw9KMPq9gGdSJTkL61lXyLjweNQJ42JZGBFCROfTely3kdXzJyJUyCEFXR6omM8OSFT3Fro_Z3wML3QZ_TG\"><img loading=\"lazy\" src=\"https:\/\/blogger.googleusercontent.com\/img\/a\/AVvXsEhsgaABuHsoVk651SJ8DlyPzULH1Ky85b1O0WILsep-rpSXL5-ppgmXy8-GlzVATw96IZK-ynwLtxKknZZCMOEDLlkPoncEd2_H7m0HcCjfblw9KMPq9gGdSJTkL61lXyLjweNQJ42JZGBFCROfTely3kdXzJyJUyCEFXR6omM8OSFT3Fro_Z3wML3QZ_TG=w546-h409\" alt=\"\" width=\"546\" height=\"409\" data-original-height=\"450\" data-original-width=\"600\" \/><\/a><\/div>\n<p>&nbsp;<\/p>\n<p>O homem morto foi identificado como Graziane Barros dos Santos, 41 anos, morador do distrito do Japomirim. Ele foi atingido por nove disparos de arma de fogo. Na cintura dele foi encontrada uma faca. A Pol\u00edcia foi acionada e isolou a \u00e1rea do crime at\u00e9 a chegada do Departamento de Pol\u00edcia T\u00e9cnica que fez a per\u00edcia e encaminhou o corpo para o IML. A autoria e motiva\u00e7\u00e3o do assassinato ser\u00e3o investigados pela Pol\u00edcia Civil. Esse \u00e9 o segundo homic\u00eddio do ano<\/p>\n<div class=\"separator\"><a href=\"https:\/\/blogger.googleusercontent.com\/img\/a\/AVvXsEhsgaABuHsoVk651SJ8DlyPzULH1Ky85b1O0WILsep-rpSXL5-ppgmXy8-GlzVATw96IZK-ynwLtxKknZZCMOEDLlkPoncEd2_H7m0HcCjfblw9KMPq9gGdSJTkL61lXyLjweNQJ42JZGBFCROfTely3kdXzJyJUyCEFXR6omM8OSFT3Fro_Z3wML3QZ_TG\"><img loading=\"lazy\" src=\"https:\/\/blogger.googleusercontent.com\/img\/a\/AVvXsEhsgaABuHsoVk651SJ8DlyPzULH1Ky85b1O0WILsep-rpSXL5-ppgmXy8-GlzVATw96IZK-ynwLtxKknZZCMOEDLlkPoncEd2_H7m0HcCjfblw9KMPq9gGdSJTkL61lXyLjweNQJ42JZGBFCROfTely3kdXzJyJUyCEFXR6omM8OSFT3Fro_Z3wML3QZ_TG=w546-h409\" alt=\"\" width=\"546\" height=\"409\" data-original-height=\"450\" data-original-width=\"600\" \/><\/a><\/div>\n<p>&nbsp;<\/p>\n<p>O homem morto foi identificado como Graziane Barros dos Santos, 41 anos, morador do distrito do Japomirim. Ele foi atingido por nove disparos de arma de fogo. Na cintura dele foi encontrada uma faca. A Pol\u00edcia foi acionada e isolou a \u00e1rea do crime at\u00e9 a chegada do Departamento de Pol\u00edcia T\u00e9cnica que fez a per\u00edcia e encaminhou o corpo para o IML. A autoria e motiva\u00e7\u00e3o do assassinato ser\u00e3o investigados pela Pol\u00edcia Civil. Esse \u00e9 o segundo homic\u00eddio do ano no<\/p>\n<p>&nbsp;<\/p>\n<p>&nbsp;<\/p>\n<div class=\"separator\"><a href=\"https:\/\/blogger.googleusercontent.com\/img\/a\/AVvXsEhsgaABuHsoVk651SJ8DlyPzULH1Ky85b1O0WILsep-rpSXL5-ppgmXy8-GlzVATw96IZK-ynwLtxKknZZCMOEDLlkPoncEd2_H7m0HcCjfblw9KMPq9gGdSJTkL61lXyLjweNQJ42JZGBFCROfTely3kdXzJyJUyCEFXR6omM8OSFT3Fro_Z3wML3QZ_TG\"><img loading=\"lazy\" src=\"https:\/\/blogger.googleusercontent.com\/img\/a\/AVvXsEhsgaABuHsoVk651SJ8DlyPzULH1Ky85b1O0WILsep-rpSXL5-ppgmXy8-GlzVATw96IZK-ynwLtxKknZZCMOEDLlkPoncEd2_H7m0HcCjfblw9KMPq9gGdSJTkL61lXyLjweNQJ42JZGBFCROfTely3kdXzJyJUyCEFXR6omM8OSFT3Fro_Z3wML3QZ_TG=w546-h409\" alt=\"\" width=\"546\" height=\"409\" data-original-height=\"450\" data-original-width=\"600\" \/><\/a><\/div>\n<p>&nbsp;<\/p>\n<p>O homem morto foi identificado como Graziane Barros dos Santos, 41 anos, morador do distrito do Japomirim. Ele foi atingido por nove disparos de arma de fogo. Na cintura dele foi encontrada uma faca. A Pol\u00edcia foi acionada e isolou a \u00e1rea do crime at\u00e9 a chegada do Departamento de Pol\u00edcia T\u00e9cnica que fez a per\u00edcia e encaminhou o corpo para o IML. A autoria e motiva\u00e7\u00e3o do assassinato ser\u00e3o investigados pela Pol\u00edcia Civil. Esse \u00e9 o segundo homic\u00eddio do ano no<\/p>\n<p>Giro em Ipiau<\/p>\n","protected":false},"excerpt":{"rendered":"<p>&nbsp; Um homem foi morto a tiros na noite desta sexta-feira, 19, na Pra\u00e7a da B\u00edblia, antiga Feirinha, no centro de Ipia\u00fa. Conforme informa\u00e7\u00f5es apuradas no local pela reportagem do GIRO, a v\u00edtima estava sentada numa cadeira em frente a um estabelecimento quando foi surpreendida pelo autor dos disparos. Ningu\u00e9m no local quis comentar sobre [&hellip;]<\/p>\n","protected":false},"author":3,"featured_media":8805,"comment_status":"closed","ping_status":"closed","sticky":false,"template":"","format":"standard","meta":{"_links_to":"","_links_to_target":""},"categories":[11],"tags":[],"_links":{"self":[{"href":"https:\/\/www.correiodascidades.com.br\/v1\/wp-json\/wp\/v2\/posts\/8798"}],"collection":[{"href":"https:\/\/www.correiodascidades.com.br\/v1\/wp-json\/wp\/v2\/posts"}],"about":[{"href":"https:\/\/www.correiodascidades.com.br\/v1\/wp-json\/wp\/v2\/types\/post"}],"author":[{"embeddable":true,"href":"https:\/\/www.correiodascidades.com.br\/v1\/wp-json\/wp\/v2\/users\/3"}],"replies":[{"embeddable":true,"href":"https:\/\/www.correiodascidades.com.br\/v1\/wp-json\/wp\/v2\/comments?post=8798"}],"version-history":[{"count":1,"href":"https:\/\/www.correiodascidades.com.br\/v1\/wp-json\/wp\/v2\/posts\/8798\/revisions"}],"predecessor-version":[{"id":8806,"href":"https:\/\/www.correiodascidades.com.br\/v1\/wp-json\/wp\/v2\/posts\/8798\/revisions\/8806"}],"wp:featuredmedia":[{"embeddable":true,"href":"https:\/\/www.correiodascidades.com.br\/v1\/wp-json\/wp\/v2\/media\/8805"}],"wp:attachment":[{"href":"https:\/\/www.correiodascidades.com.br\/v1\/wp-json\/wp\/v2\/media?parent=8798"}],"wp:term":[{"taxonomy":"category","embeddable":true,"href":"https:\/\/www.correiodascidades.com.br\/v1\/wp-json\/wp\/v2\/categories?post=8798"},{"taxonomy":"post_tag","embeddable":true,"href":"https:\/\/www.correiodascidades.com.br\/v1\/wp-json\/wp\/v2\/tags?post=8798"}],"curies":[{"name":"wp","href":"https:\/\/api.w.org\/{rel}","templated":true}]}}