{"id":8799,"date":"2024-01-20T21:23:56","date_gmt":"2024-01-21T00:23:56","guid":{"rendered":"https:\/\/www.correiodascidades.com.br\/v1\/?p=8799"},"modified":"2024-01-20T21:23:56","modified_gmt":"2024-01-21T00:23:56","slug":"fiol-rui-costa-apresenta-grandes-investimentos-do-novo-pac-para-a-bahia","status":"publish","type":"post","link":"https:\/\/www.correiodascidades.com.br\/v1\/2024\/01\/20\/fiol-rui-costa-apresenta-grandes-investimentos-do-novo-pac-para-a-bahia\/","title":{"rendered":"FIOL \u2013 Rui Costa apresenta grandes investimentos do Novo PAC para a Bahia"},"content":{"rendered":"<div class=\"td_block_wrap tdb_title tdi_45 tdb-single-title td-pb-border-top td_block_template_2\" data-td-block-uid=\"tdi_45\">\n<div class=\"tdb-block-inner td-fix-index\">\n<div><\/div>\n<\/div>\n<\/div>\n<div class=\"td_block_wrap tdb_single_featured_image tdi_46 tdb-content-horiz-left td-pb-border-top td_block_template_2\" data-td-block-uid=\"tdi_46\">\n<div class=\"tdi_46_rand_style td-element-style\"><\/div>\n<div class=\"tdb-block-inner td-fix-index\"><a class=\"td-modal-image\" href=\"https:\/\/ilheus.com.br\/wp-content\/uploads\/2024\/01\/Rui-Costa-Lula-Fiol-PAC-Bahia.png\" class=\"gallery_colorbox\" data-caption=\"\"><img loading=\"lazy\" class=\"entry-thumb td-animation-stack-type0-2\" title=\"Rui Costa Lula Fiol PAC Bahia\" src=\"https:\/\/ilheus.com.br\/wp-content\/uploads\/2024\/01\/Rui-Costa-Lula-Fiol-PAC-Bahia-696x390.png\"  sizes=\"(max-width: 696px) 100vw, 696px\" srcset=\"https:\/\/ilheus.com.br\/wp-content\/uploads\/2024\/01\/Rui-Costa-Lula-Fiol-PAC-Bahia-696x390.png 696w, https:\/\/ilheus.com.br\/wp-content\/uploads\/2024\/01\/Rui-Costa-Lula-Fiol-PAC-Bahia-300x168.png 300w, https:\/\/ilheus.com.br\/wp-content\/uploads\/2024\/01\/Rui-Costa-Lula-Fiol-PAC-Bahia-1024x574.png 1024w, https:\/\/ilheus.com.br\/wp-content\/uploads\/2024\/01\/Rui-Costa-Lula-Fiol-PAC-Bahia-768x431.png 768w, https:\/\/ilheus.com.br\/wp-content\/uploads\/2024\/01\/Rui-Costa-Lula-Fiol-PAC-Bahia-150x84.png 150w, https:\/\/ilheus.com.br\/wp-content\/uploads\/2024\/01\/Rui-Costa-Lula-Fiol-PAC-Bahia-1068x599.png 1068w, https:\/\/ilheus.com.br\/wp-content\/uploads\/2024\/01\/Rui-Costa-Lula-Fiol-PAC-Bahia-600x337.png 600w, https:\/\/ilheus.com.br\/wp-content\/uploads\/2024\/01\/Rui-Costa-Lula-Fiol-PAC-Bahia.png 1517w\" alt=\"\" width=\"500\" height=\"280\" \/><\/a><\/div>\n<\/div>\n<div class=\"td_block_wrap tdb_single_author tdi_49 td-pb-border-top td_block_template_2 tdb-post-meta\" data-td-block-uid=\"tdi_49\">\n<div class=\"tdb-block-inner td-fix-index\"><\/div>\n<\/div>\n<div class=\"td_block_wrap tdb_single_post_share tdi_52  td-pb-border-top td_block_template_2\" data-td-block-uid=\"tdi_52\">\n<div id=\"tdi_52\" class=\"td-post-sharing tdb-block td-ps-bg td-ps-padding td-post-sharing-style2 \">\n<div class=\"td-post-sharing-visible\">\n<div class=\"td-social-but-text\"><\/div>\n<\/div>\n<div class=\"td-social-sharing-hidden\">\n<div class=\"td-social-but-icon\"><span style=\"color: initial;\">Cerca de R$ 89,5 bilh\u00f5es est\u00e3o chegando \u00e0 Bahia para a realiza\u00e7\u00e3o de obras e projetos que ser\u00e3o executadas pelo Governo Federal em parceria com entes privados, nos pr\u00f3ximos anos. Os detalhes sobre o maior programa de investimento do pa\u00eds, o Novo PAC, foram apresentados em Salvador nesta quinta-feira (18) pelo ministro da Casa Civil, Rui Costa. Os recursos ser\u00e3o aplicados para alavancar a economia, gerar emprego e renda e expandir o desenvolvimento industrial, tecnol\u00f3gico e social.<\/span><\/div>\n<\/div>\n<\/div>\n<\/div>\n<div class=\"td_block_wrap tdb_single_content tdi_53 td-pb-border-top td_block_template_2 td-post-content tagdiv-type\" data-td-block-uid=\"tdi_53\">\n<div class=\"tdb-block-inner td-fix-index\">\n<p>Na \u00e1rea da infraestrutura, o Novo PAC destina R$ 10,6 bilh\u00f5es para rodovias, em manuten\u00e7\u00e3o, obras p\u00fablicas e concess\u00f5es; R$ 17,7 bilh\u00f5es para ferrovias e portos; R$ 373 milh\u00f5es para aeroportos e hidrovias. Entre essas obras est\u00e3o a duplica\u00e7\u00e3o da BR-242 (Barreiras \u2013 Lu\u00eds Eduardo Magalh\u00e3es), a constru\u00e7\u00e3o do contorno de Feira de Santana (BR-116), a nova pista e terminal de passageiros do aeroporto de Barreiras, a dragagem de aprofundamento do porto de Ilh\u00e9us e a conclus\u00e3o da Ferrovia Oeste-Leste (FIOL).<\/p>\n<p>\u201cO investimento em log\u00edstica significa investir em redu\u00e7\u00e3o de custos, do Custo Brasil, significa gera\u00e7\u00e3o de emprego, mais oportunidades de atrair empresas. A concretiza\u00e7\u00e3o e finaliza\u00e7\u00e3o da Fiol, por exemplo, que vai integrar com a Ferrovia Norte-Sul, ser\u00e1 o maior investimento ferrovi\u00e1rio das \u00faltimas d\u00e9cadas\u201d, explicou o ministro.<\/p>\n<p>No eixo Cidades Sustent\u00e1veis e Resilientes ser\u00e3o investidos R$ 1,5 bilh\u00e3o, em projetos que incluem a urbaniza\u00e7\u00e3o de favelas, conten\u00e7\u00e3o de encostas e drenagem, a melhoria da mobilidade urbana em Salvador, a retomada de 10,4 mil unidades habitacionais do Minha Casa, Minha Vida e a constru\u00e7\u00e3o de 18,4 mil novas unidades.<\/p>\n<p>Com o Novo PAC, tamb\u00e9m est\u00e3o planejadas obras para a educa\u00e7\u00e3o, ci\u00eancia e tecnologia, sa\u00fade, transi\u00e7\u00e3o e seguran\u00e7a energ\u00e9tica, inclus\u00e3o digital, infraestrutura social e a amplia\u00e7\u00e3o do programa \u00c1gua Para Todos, incluindo a Adutora da F\u00e9 (Bom Jesus da Lapa), Barragem Bara\u00fanas (Seabra), Barragem Catol\u00e9 (Barra do Cho\u00e7a), Barragem Morrinhos (Po\u00e7\u00f5es), Barragem Rio da Caixa (Rio do Pires) e o Canal do Sert\u00e3o Baiano.<\/p>\n<p>\u201cTemos um planejamento para a Bahia e para todo o Brasil. Governar \u00e9 ter planejamento, \u00e9 ter gest\u00e3o, \u00e9 ter governan\u00e7a. O Governo Federal, hoje, mostra que governar \u00e9 cuidar de gente e governar apontando para onde o pa\u00eds deve seguir, projetando um pa\u00eds para o destino de na\u00e7\u00e3o, para o nosso povo. Temos um planejamento que vai al\u00e9m do governo\u201d, afirmou o ministro.<\/p>\n<\/div>\n<\/div>\n","protected":false},"excerpt":{"rendered":"<p>Cerca de R$ 89,5 bilh\u00f5es est\u00e3o chegando \u00e0 Bahia para a realiza\u00e7\u00e3o de obras e projetos que ser\u00e3o executadas pelo Governo Federal em parceria com entes privados, nos pr\u00f3ximos anos. Os detalhes sobre o maior programa de investimento do pa\u00eds, o Novo PAC, foram apresentados em Salvador nesta quinta-feira (18) pelo ministro da Casa Civil, [&hellip;]<\/p>\n","protected":false},"author":3,"featured_media":8802,"comment_status":"closed","ping_status":"closed","sticky":false,"template":"","format":"standard","meta":{"_links_to":"","_links_to_target":""},"categories":[2,10],"tags":[],"_links":{"self":[{"href":"https:\/\/www.correiodascidades.com.br\/v1\/wp-json\/wp\/v2\/posts\/8799"}],"collection":[{"href":"https:\/\/www.correiodascidades.com.br\/v1\/wp-json\/wp\/v2\/posts"}],"about":[{"href":"https:\/\/www.correiodascidades.com.br\/v1\/wp-json\/wp\/v2\/types\/post"}],"author":[{"embeddable":true,"href":"https:\/\/www.correiodascidades.com.br\/v1\/wp-json\/wp\/v2\/users\/3"}],"replies":[{"embeddable":true,"href":"https:\/\/www.correiodascidades.com.br\/v1\/wp-json\/wp\/v2\/comments?post=8799"}],"version-history":[{"count":1,"href":"https:\/\/www.correiodascidades.com.br\/v1\/wp-json\/wp\/v2\/posts\/8799\/revisions"}],"predecessor-version":[{"id":8803,"href":"https:\/\/www.correiodascidades.com.br\/v1\/wp-json\/wp\/v2\/posts\/8799\/revisions\/8803"}],"wp:featuredmedia":[{"embeddable":true,"href":"https:\/\/www.correiodascidades.com.br\/v1\/wp-json\/wp\/v2\/media\/8802"}],"wp:attachment":[{"href":"https:\/\/www.correiodascidades.com.br\/v1\/wp-json\/wp\/v2\/media?parent=8799"}],"wp:term":[{"taxonomy":"category","embeddable":true,"href":"https:\/\/www.correiodascidades.com.br\/v1\/wp-json\/wp\/v2\/categories?post=8799"},{"taxonomy":"post_tag","embeddable":true,"href":"https:\/\/www.correiodascidades.com.br\/v1\/wp-json\/wp\/v2\/tags?post=8799"}],"curies":[{"name":"wp","href":"https:\/\/api.w.org\/{rel}","templated":true}]}}