{"id":8807,"date":"2024-01-20T21:43:51","date_gmt":"2024-01-21T00:43:51","guid":{"rendered":"https:\/\/www.correiodascidades.com.br\/v1\/?p=8807"},"modified":"2024-01-20T21:43:51","modified_gmt":"2024-01-21T00:43:51","slug":"augustao-volta-a-cobrar-da-prefeitura-informacoes","status":"publish","type":"post","link":"https:\/\/www.correiodascidades.com.br\/v1\/2024\/01\/20\/augustao-volta-a-cobrar-da-prefeitura-informacoes\/","title":{"rendered":"August\u00e3o volta a cobrar da Prefeitura informa\u00e7\u00f5es"},"content":{"rendered":"<p><img loading=\"lazy\" class=\"\" src=\"https:\/\/www.correiodascidades.com.br\/v1\/wp-content\/uploads\/2024\/01\/d872ad29-7999-417e-96e8-2a12e83f1c8d.jpg\" width=\"512\" height=\"384\" \/><\/p>\n<p>Sobre recursos do decreto de situa\u00e7\u00e3o de emerg\u00eancia<\/p>\n<p>Tr\u00eas meses j\u00e1 se passaram e at\u00e9 agora a Prefeitura de Ilh\u00e9us n\u00e3o deu qualquer informa\u00e7\u00e3o para a popula\u00e7\u00e3o da zona norte sobre os recursos que foram solicitados para resolver e indenizar a comunidade pelos preju\u00edzos causados com avan\u00e7o do mar nos bairros do S\u00e3o Miguel, S\u00e3o Domingos, Ponta da Tulha e adjac\u00eancias.<\/p>\n<p>A den\u00fancia est\u00e1 sendo feita pelo vereador August\u00e3o, que chegou a propor na C\u00e2mara de Vereadores o decreto de calamidade p\u00fablica, tendo em vista a gravidade da situa\u00e7\u00e3o. O problema \u00e9 que o prefeito de Ilh\u00e9us solicitou recursos ao Governo Federal para indenizar a popula\u00e7\u00e3o pelos preju\u00edzos, mas at\u00e9 agora n\u00e3o se tem not\u00edcias de como esse dinheiro foi utilizado.<\/p>\n<p>&nbsp;<\/p>\n","protected":false},"excerpt":{"rendered":"<p>Sobre recursos do decreto de situa\u00e7\u00e3o de emerg\u00eancia Tr\u00eas meses j\u00e1 se passaram e at\u00e9 agora a Prefeitura de Ilh\u00e9us n\u00e3o deu qualquer informa\u00e7\u00e3o para a popula\u00e7\u00e3o da zona norte sobre os recursos que foram solicitados para resolver e indenizar a comunidade pelos preju\u00edzos causados com avan\u00e7o do mar nos bairros do S\u00e3o Miguel, S\u00e3o [&hellip;]<\/p>\n","protected":false},"author":3,"featured_media":8808,"comment_status":"closed","ping_status":"closed","sticky":false,"template":"","format":"standard","meta":{"_links_to":"","_links_to_target":""},"categories":[44],"tags":[],"_links":{"self":[{"href":"https:\/\/www.correiodascidades.com.br\/v1\/wp-json\/wp\/v2\/posts\/8807"}],"collection":[{"href":"https:\/\/www.correiodascidades.com.br\/v1\/wp-json\/wp\/v2\/posts"}],"about":[{"href":"https:\/\/www.correiodascidades.com.br\/v1\/wp-json\/wp\/v2\/types\/post"}],"author":[{"embeddable":true,"href":"https:\/\/www.correiodascidades.com.br\/v1\/wp-json\/wp\/v2\/users\/3"}],"replies":[{"embeddable":true,"href":"https:\/\/www.correiodascidades.com.br\/v1\/wp-json\/wp\/v2\/comments?post=8807"}],"version-history":[{"count":1,"href":"https:\/\/www.correiodascidades.com.br\/v1\/wp-json\/wp\/v2\/posts\/8807\/revisions"}],"predecessor-version":[{"id":8809,"href":"https:\/\/www.correiodascidades.com.br\/v1\/wp-json\/wp\/v2\/posts\/8807\/revisions\/8809"}],"wp:featuredmedia":[{"embeddable":true,"href":"https:\/\/www.correiodascidades.com.br\/v1\/wp-json\/wp\/v2\/media\/8808"}],"wp:attachment":[{"href":"https:\/\/www.correiodascidades.com.br\/v1\/wp-json\/wp\/v2\/media?parent=8807"}],"wp:term":[{"taxonomy":"category","embeddable":true,"href":"https:\/\/www.correiodascidades.com.br\/v1\/wp-json\/wp\/v2\/categories?post=8807"},{"taxonomy":"post_tag","embeddable":true,"href":"https:\/\/www.correiodascidades.com.br\/v1\/wp-json\/wp\/v2\/tags?post=8807"}],"curies":[{"name":"wp","href":"https:\/\/api.w.org\/{rel}","templated":true}]}}