{"id":8814,"date":"2024-01-20T23:56:09","date_gmt":"2024-01-21T02:56:09","guid":{"rendered":"https:\/\/www.correiodascidades.com.br\/v1\/?p=8814"},"modified":"2024-01-21T09:14:48","modified_gmt":"2024-01-21T12:14:48","slug":"8814","status":"publish","type":"post","link":"https:\/\/www.correiodascidades.com.br\/v1\/2024\/01\/20\/8814\/","title":{"rendered":"ILH\u00c9US: Thiago raposo e suas a\u00e7\u00f5es no Nossa Senhora da vit\u00f3ria em beneficio do povo"},"content":{"rendered":"<p><img loading=\"lazy\" class=\"alignnone wp-image-8816\" src=\"https:\/\/www.correiodascidades.com.br\/v1\/wp-content\/uploads\/2024\/01\/c09d0dbf-7081-4b2b-ae2e-9bd439b48ea7-Thiago.jpg\" alt=\"\" width=\"473\" height=\"473\" srcset=\"https:\/\/www.correiodascidades.com.br\/v1\/wp-content\/uploads\/2024\/01\/c09d0dbf-7081-4b2b-ae2e-9bd439b48ea7-Thiago.jpg 600w, https:\/\/www.correiodascidades.com.br\/v1\/wp-content\/uploads\/2024\/01\/c09d0dbf-7081-4b2b-ae2e-9bd439b48ea7-Thiago-300x300.jpg 300w, https:\/\/www.correiodascidades.com.br\/v1\/wp-content\/uploads\/2024\/01\/c09d0dbf-7081-4b2b-ae2e-9bd439b48ea7-Thiago-150x150.jpg 150w\" sizes=\"(max-width: 473px) 100vw, 473px\" \/><\/p>\n<p>Na manh\u00e3 deste s\u00e1bado, O radialista e pr\u00e9 candidato a Vereador na cidade de Ilh\u00e9us, Thiago Raposo realizou no Bairro Nossa Senhora da Vit\u00f3ria, um mutir\u00e3o solid\u00e1rio ao lado do Projeto Amigos do Cora\u00e7\u00e3o.<\/p>\n<p>Tiaguinho \u00e9 um jovem morador da localidade e que por muito v\u00eam lutando em prol das pessoas que por ali habitam,<\/p>\n<p>S\u00e3o v\u00e1rias as a\u00e7\u00f5es que o mesmo direciona ao local que lhe acolheu para morar.<\/p>\n<p>Neste s\u00e1bado ele inclinou seus esfor\u00e7os ao bairro por entender que as pessoas n\u00e3o podiam mais esperar apenas pelos atendimento do governo que \u00e0s vezes demora de chegar.<\/p>\n<p>Foram oferecidos atendimentos m\u00e9dicos com Dr. Andr\u00e9 Ces\u00e1rio cardiologista, exames de eletrocardiograma, aferi\u00e7\u00e3o de press\u00e3o e assessoramento jur\u00eddico com advogada. (foto). <img loading=\"lazy\" class=\"alignnone wp-image-8817\" src=\"https:\/\/www.correiodascidades.com.br\/v1\/wp-content\/uploads\/2024\/01\/45d2cef1-02e6-43c4-bf66-378b9bed29a2.jpg\" alt=\"\" width=\"401\" height=\"401\" srcset=\"https:\/\/www.correiodascidades.com.br\/v1\/wp-content\/uploads\/2024\/01\/45d2cef1-02e6-43c4-bf66-378b9bed29a2.jpg 600w, https:\/\/www.correiodascidades.com.br\/v1\/wp-content\/uploads\/2024\/01\/45d2cef1-02e6-43c4-bf66-378b9bed29a2-300x300.jpg 300w, https:\/\/www.correiodascidades.com.br\/v1\/wp-content\/uploads\/2024\/01\/45d2cef1-02e6-43c4-bf66-378b9bed29a2-150x150.jpg 150w\" sizes=\"(max-width: 401px) 100vw, 401px\" \/><\/p>\n<p>Houve ainda entretenimento as crian\u00e7as que foram at\u00e9 o local um pula pula ficou \u00e1 disposi\u00e7\u00e3o dos pequenos que brincaram pra valer.<\/p>\n<p>Tiaguinho disse: que se sentiu muito grato em poder levar para a comunidade essas a\u00e7\u00f5es, facilitando o acesso das pessoas com o atendimento m\u00e9dico\u00a0 esse \u00e9 o meu compromisso, e muito ainda ele far\u00e1. Disse Tiago Raposo pr\u00e9 candidato a vereador.<\/p>\n","protected":false},"excerpt":{"rendered":"<p>Na manh\u00e3 deste s\u00e1bado, O radialista e pr\u00e9 candidato a Vereador na cidade de Ilh\u00e9us, Thiago Raposo realizou no Bairro Nossa Senhora da Vit\u00f3ria, um mutir\u00e3o solid\u00e1rio ao lado do Projeto Amigos do Cora\u00e7\u00e3o. Tiaguinho \u00e9 um jovem morador da localidade e que por muito v\u00eam lutando em prol das pessoas que por ali habitam, [&hellip;]<\/p>\n","protected":false},"author":3,"featured_media":8815,"comment_status":"closed","ping_status":"closed","sticky":false,"template":"","format":"standard","meta":{"_links_to":"","_links_to_target":""},"categories":[1],"tags":[],"_links":{"self":[{"href":"https:\/\/www.correiodascidades.com.br\/v1\/wp-json\/wp\/v2\/posts\/8814"}],"collection":[{"href":"https:\/\/www.correiodascidades.com.br\/v1\/wp-json\/wp\/v2\/posts"}],"about":[{"href":"https:\/\/www.correiodascidades.com.br\/v1\/wp-json\/wp\/v2\/types\/post"}],"author":[{"embeddable":true,"href":"https:\/\/www.correiodascidades.com.br\/v1\/wp-json\/wp\/v2\/users\/3"}],"replies":[{"embeddable":true,"href":"https:\/\/www.correiodascidades.com.br\/v1\/wp-json\/wp\/v2\/comments?post=8814"}],"version-history":[{"count":6,"href":"https:\/\/www.correiodascidades.com.br\/v1\/wp-json\/wp\/v2\/posts\/8814\/revisions"}],"predecessor-version":[{"id":8824,"href":"https:\/\/www.correiodascidades.com.br\/v1\/wp-json\/wp\/v2\/posts\/8814\/revisions\/8824"}],"wp:featuredmedia":[{"embeddable":true,"href":"https:\/\/www.correiodascidades.com.br\/v1\/wp-json\/wp\/v2\/media\/8815"}],"wp:attachment":[{"href":"https:\/\/www.correiodascidades.com.br\/v1\/wp-json\/wp\/v2\/media?parent=8814"}],"wp:term":[{"taxonomy":"category","embeddable":true,"href":"https:\/\/www.correiodascidades.com.br\/v1\/wp-json\/wp\/v2\/categories?post=8814"},{"taxonomy":"post_tag","embeddable":true,"href":"https:\/\/www.correiodascidades.com.br\/v1\/wp-json\/wp\/v2\/tags?post=8814"}],"curies":[{"name":"wp","href":"https:\/\/api.w.org\/{rel}","templated":true}]}}