{"id":8865,"date":"2024-01-25T10:43:03","date_gmt":"2024-01-25T13:43:03","guid":{"rendered":"https:\/\/www.correiodascidades.com.br\/v1\/?p=8865"},"modified":"2024-01-25T10:43:03","modified_gmt":"2024-01-25T13:43:03","slug":"passagens-aereas-a-r-200-serao-lancadas-pelo-governo-em-5-de-fevereiro","status":"publish","type":"post","link":"https:\/\/www.correiodascidades.com.br\/v1\/2024\/01\/25\/passagens-aereas-a-r-200-serao-lancadas-pelo-governo-em-5-de-fevereiro\/","title":{"rendered":"Passagens a\u00e9reas a R$ 200 ser\u00e3o lan\u00e7adas pelo governo em 5 de fevereiro"},"content":{"rendered":"<p><img loading=\"lazy\" class=\"\" src=\"https:\/\/www.correiodascidades.com.br\/v1\/wp-content\/uploads\/2024\/01\/gfrjh-avianca.jpeg\" width=\"523\" height=\"366\" \/><\/p>\n<p>O ministro dos Portos e Aeroportos, Silvio Costa Filho, anunciou que o programa \u201cVoa Brasil\u201d, iniciativa do governo federal para oferecer passagens a\u00e9reas de at\u00e9 R$ 200, ser\u00e1 lan\u00e7ado em 5 de fevereiro em evento com o presidente Luiz In\u00e1cio Lula da Silva (PT).<\/p>\n<p>\u201cO Voa Brasil ser\u00e1 anunciado em 5 de fevereiro pelo presidente da Rep\u00fablica. Passar\u00e1 a valer no mesmo dia\u201d, afirmou o ministro ap\u00f3s reuni\u00e3o no Pal\u00e1cio do Planalto.<\/p>\n<p>Ao menos nesta primeira fase, o programa ser\u00e1 voltado para aposentados que ganham at\u00e9 dois sal\u00e1rios m\u00ednimos e alunos do Programa Universidade Para Todos (Prouni), iniciativa do governo federal que oferece bolsas universit\u00e1rias para estudantes de baixa renda.<\/p>\n<p>A previs\u00e3o do minist\u00e9rio \u00e9 de que 2,5 milh\u00f5es a 3 milh\u00f5es de pessoas que nunca viajaram de avi\u00e3o, ou n\u00e3o viajam h\u00e1 mais de 12 meses, consigam adquirir passagens a\u00e9reas pelo programa. <!--more--><\/p>\n<p>A expectativa do Executivo era lan\u00e7ar esse programa ainda em 2023, quando M\u00e1rcio Fran\u00e7a estava \u00e0 frente do Minist\u00e9rio de Portos e Aeroportos. \u00c0 \u00e9poca, Fran\u00e7a previu 1,5 milh\u00e3o de passagens a\u00e9reas por m\u00eas para os dois p\u00fablicos, al\u00e9m de pensionistas.<\/p>\n","protected":false},"excerpt":{"rendered":"<p>O ministro dos Portos e Aeroportos, Silvio Costa Filho, anunciou que o programa \u201cVoa Brasil\u201d, iniciativa do governo federal para oferecer passagens a\u00e9reas de at\u00e9 R$ 200, ser\u00e1 lan\u00e7ado em 5 de fevereiro em evento com o presidente Luiz In\u00e1cio Lula da Silva (PT). \u201cO Voa Brasil ser\u00e1 anunciado em 5 de fevereiro pelo presidente [&hellip;]<\/p>\n","protected":false},"author":3,"featured_media":8866,"comment_status":"closed","ping_status":"closed","sticky":false,"template":"","format":"standard","meta":{"_links_to":"","_links_to_target":""},"categories":[2],"tags":[],"_links":{"self":[{"href":"https:\/\/www.correiodascidades.com.br\/v1\/wp-json\/wp\/v2\/posts\/8865"}],"collection":[{"href":"https:\/\/www.correiodascidades.com.br\/v1\/wp-json\/wp\/v2\/posts"}],"about":[{"href":"https:\/\/www.correiodascidades.com.br\/v1\/wp-json\/wp\/v2\/types\/post"}],"author":[{"embeddable":true,"href":"https:\/\/www.correiodascidades.com.br\/v1\/wp-json\/wp\/v2\/users\/3"}],"replies":[{"embeddable":true,"href":"https:\/\/www.correiodascidades.com.br\/v1\/wp-json\/wp\/v2\/comments?post=8865"}],"version-history":[{"count":1,"href":"https:\/\/www.correiodascidades.com.br\/v1\/wp-json\/wp\/v2\/posts\/8865\/revisions"}],"predecessor-version":[{"id":8867,"href":"https:\/\/www.correiodascidades.com.br\/v1\/wp-json\/wp\/v2\/posts\/8865\/revisions\/8867"}],"wp:featuredmedia":[{"embeddable":true,"href":"https:\/\/www.correiodascidades.com.br\/v1\/wp-json\/wp\/v2\/media\/8866"}],"wp:attachment":[{"href":"https:\/\/www.correiodascidades.com.br\/v1\/wp-json\/wp\/v2\/media?parent=8865"}],"wp:term":[{"taxonomy":"category","embeddable":true,"href":"https:\/\/www.correiodascidades.com.br\/v1\/wp-json\/wp\/v2\/categories?post=8865"},{"taxonomy":"post_tag","embeddable":true,"href":"https:\/\/www.correiodascidades.com.br\/v1\/wp-json\/wp\/v2\/tags?post=8865"}],"curies":[{"name":"wp","href":"https:\/\/api.w.org\/{rel}","templated":true}]}}