{"id":8906,"date":"2024-01-28T08:26:16","date_gmt":"2024-01-28T11:26:16","guid":{"rendered":"https:\/\/www.correiodascidades.com.br\/v1\/?p=8906"},"modified":"2024-01-28T08:26:16","modified_gmt":"2024-01-28T11:26:16","slug":"cao-farejador-da-prf-localiza-cocaina-em-fundo-falso-de-mala-de-viagem","status":"publish","type":"post","link":"https:\/\/www.correiodascidades.com.br\/v1\/2024\/01\/28\/cao-farejador-da-prf-localiza-cocaina-em-fundo-falso-de-mala-de-viagem\/","title":{"rendered":"C\u00e3o farejador da PRF localiza coca\u00edna em fundo falso de mala de viagem"},"content":{"rendered":"<h3 class=\"post-title entry-title\"><\/h3>\n<div id=\"post-body-5712054052692912251\" class=\"post-body entry-content\">\n<div class=\"separator\"><a href=\"https:\/\/blogger.googleusercontent.com\/img\/b\/R29vZ2xl\/AVvXsEgJOTGWfoA6joysZ7bckx4PrKMk5ayCbpy7dJ1pg1ij1gFa8Yn2wSKRqLERshNzngAko3bvVg-jqzf_R8V3M4FZ49l96jeawgEP4tPEZQVtKdB0COOG0LohFulaLXiLwyD2KwL362hAVNB8Y40fcSkNVAUiox2iuKlriHxl6wJEKn0v1f7I2JR-tDQ07ptp\/s768\/gfgft.jpeg\" class=\"gallery_colorbox\"><img loading=\"lazy\" class=\"\" src=\"https:\/\/blogger.googleusercontent.com\/img\/b\/R29vZ2xl\/AVvXsEgJOTGWfoA6joysZ7bckx4PrKMk5ayCbpy7dJ1pg1ij1gFa8Yn2wSKRqLERshNzngAko3bvVg-jqzf_R8V3M4FZ49l96jeawgEP4tPEZQVtKdB0COOG0LohFulaLXiLwyD2KwL362hAVNB8Y40fcSkNVAUiox2iuKlriHxl6wJEKn0v1f7I2JR-tDQ07ptp\/w613-h640\/gfgft.jpeg\"  width=\"523\" height=\"697\" border=\"0\" data-original-height=\"768\" data-original-width=\"576\" \/><\/a><\/div>\n<p>Na tarde desta quarta-feira (24), em frente ao posto de Vit\u00f3ria da Conquista (Km 830 da BR-116), uma equipe da PRF prendeu um traficante com droga em um \u00f4nibus de viagem. O homem levava 3,25 Kg de coca\u00edna.<\/p>\n<p>Durante opera\u00e7\u00e3o de combate ao crime com foco em ve\u00edculos de transporte coletivo, foi abordado um \u00f4nibus que fazia a linha Praia Grande (SP) x Heli\u00f3polis (BA). Na fiscaliza\u00e7\u00e3o das bagagens, o K9 Kaleu sinalizou para a presen\u00e7a de algum il\u00edcito em uma mala de cor preta.<\/p>\n<p>Ao realizarem a vistoria, os policiais encontraram tabletes de coca\u00edna escondidos em um forro falso da mala, que posteriormente somaram 3,25 Kg da droga.<\/p>\n<p>Um homem de 38 anos de idade foi identificado como propriet\u00e1rio da mala. Aos policiais, ele apresentou v\u00e1rias vers\u00f5es sobre a origem e o destino da droga. Por \u00faltimo, admitiu que levaria a coca\u00edna para Recife (PE). Disse tamb\u00e9m que ganharia 2.000 reais pelo servi\u00e7o. Com ele tamb\u00e9m foi apreendido mais de R$ 8 mil em esp\u00e9cie.<\/p>\n<p>O homem preso e a droga apreendida foram encaminhados \u00e0 pol\u00edcia judici\u00e1ria para registro do flagrante. A pena prevista para este tipo de crime \u00e9 de at\u00e9 15 anos de pris\u00e3o. Com esta apreens\u00e3o, estima-se que o crime organizado deixou de lucrar aproximadamente R$ 580mil.<\/p>\n<\/div>\n","protected":false},"excerpt":{"rendered":"<p>Na tarde desta quarta-feira (24), em frente ao posto de Vit\u00f3ria da Conquista (Km 830 da BR-116), uma equipe da PRF prendeu um traficante com droga em um \u00f4nibus de viagem. O homem levava 3,25 Kg de coca\u00edna. Durante opera\u00e7\u00e3o de combate ao crime com foco em ve\u00edculos de transporte coletivo, foi abordado um \u00f4nibus [&hellip;]<\/p>\n","protected":false},"author":3,"featured_media":8907,"comment_status":"closed","ping_status":"closed","sticky":false,"template":"","format":"standard","meta":{"_links_to":"","_links_to_target":""},"categories":[2],"tags":[],"_links":{"self":[{"href":"https:\/\/www.correiodascidades.com.br\/v1\/wp-json\/wp\/v2\/posts\/8906"}],"collection":[{"href":"https:\/\/www.correiodascidades.com.br\/v1\/wp-json\/wp\/v2\/posts"}],"about":[{"href":"https:\/\/www.correiodascidades.com.br\/v1\/wp-json\/wp\/v2\/types\/post"}],"author":[{"embeddable":true,"href":"https:\/\/www.correiodascidades.com.br\/v1\/wp-json\/wp\/v2\/users\/3"}],"replies":[{"embeddable":true,"href":"https:\/\/www.correiodascidades.com.br\/v1\/wp-json\/wp\/v2\/comments?post=8906"}],"version-history":[{"count":1,"href":"https:\/\/www.correiodascidades.com.br\/v1\/wp-json\/wp\/v2\/posts\/8906\/revisions"}],"predecessor-version":[{"id":8908,"href":"https:\/\/www.correiodascidades.com.br\/v1\/wp-json\/wp\/v2\/posts\/8906\/revisions\/8908"}],"wp:featuredmedia":[{"embeddable":true,"href":"https:\/\/www.correiodascidades.com.br\/v1\/wp-json\/wp\/v2\/media\/8907"}],"wp:attachment":[{"href":"https:\/\/www.correiodascidades.com.br\/v1\/wp-json\/wp\/v2\/media?parent=8906"}],"wp:term":[{"taxonomy":"category","embeddable":true,"href":"https:\/\/www.correiodascidades.com.br\/v1\/wp-json\/wp\/v2\/categories?post=8906"},{"taxonomy":"post_tag","embeddable":true,"href":"https:\/\/www.correiodascidades.com.br\/v1\/wp-json\/wp\/v2\/tags?post=8906"}],"curies":[{"name":"wp","href":"https:\/\/api.w.org\/{rel}","templated":true}]}}