{"id":8909,"date":"2024-01-28T08:32:16","date_gmt":"2024-01-28T11:32:16","guid":{"rendered":"https:\/\/www.correiodascidades.com.br\/v1\/?p=8909"},"modified":"2024-01-28T08:32:16","modified_gmt":"2024-01-28T11:32:16","slug":"drfr-de-feira-recupera-armamento-furtado-da-casa-de-policial","status":"publish","type":"post","link":"https:\/\/www.correiodascidades.com.br\/v1\/2024\/01\/28\/drfr-de-feira-recupera-armamento-furtado-da-casa-de-policial\/","title":{"rendered":"DRFR de Feira recupera armamento furtado da casa de policial"},"content":{"rendered":"<h1><img loading=\"lazy\" class=\"\" src=\"https:\/\/www.correiodascidades.com.br\/v1\/wp-content\/uploads\/2024\/01\/thumb_1706374707Foto1.jpeg\" width=\"606\" height=\"403\" \/><\/h1>\n<h1 id=\"story_title\"><span style=\"font-size: 16px;\">Uma pistola, tr\u00eas carregadores e muni\u00e7\u00f5es furtados da casa de uma policial militar, no \u00faltimo dia 20, no bairro S\u00e3o Jo\u00e3o, foram recuperados por policiais da Delegacia de Repress\u00e3o a Furtos e Roubos (DRFR) de Feira de Santana.<\/span><\/h1>\n<div id=\"story_text\">\n<div><\/div>\n<div>O material foi localizado em um im\u00f3vel na Rua Coronel Jos\u00e9 Pinto, naquele mesmo bairro, na quinta-feira (25). O autor do furto j\u00e1 foi identificado e responder\u00e1 a um inqu\u00e9rito policial instaurado na unidade especializada para apurar o crime. O armamento ser\u00e1 devolvido \u00e0 policial.<\/div>\n<\/div>\n","protected":false},"excerpt":{"rendered":"<p>Uma pistola, tr\u00eas carregadores e muni\u00e7\u00f5es furtados da casa de uma policial militar, no \u00faltimo dia 20, no bairro S\u00e3o Jo\u00e3o, foram recuperados por policiais da Delegacia de Repress\u00e3o a Furtos e Roubos (DRFR) de Feira de Santana. O material foi localizado em um im\u00f3vel na Rua Coronel Jos\u00e9 Pinto, naquele mesmo bairro, na quinta-feira [&hellip;]<\/p>\n","protected":false},"author":3,"featured_media":8910,"comment_status":"closed","ping_status":"closed","sticky":false,"template":"","format":"standard","meta":{"_links_to":"","_links_to_target":""},"categories":[2],"tags":[],"_links":{"self":[{"href":"https:\/\/www.correiodascidades.com.br\/v1\/wp-json\/wp\/v2\/posts\/8909"}],"collection":[{"href":"https:\/\/www.correiodascidades.com.br\/v1\/wp-json\/wp\/v2\/posts"}],"about":[{"href":"https:\/\/www.correiodascidades.com.br\/v1\/wp-json\/wp\/v2\/types\/post"}],"author":[{"embeddable":true,"href":"https:\/\/www.correiodascidades.com.br\/v1\/wp-json\/wp\/v2\/users\/3"}],"replies":[{"embeddable":true,"href":"https:\/\/www.correiodascidades.com.br\/v1\/wp-json\/wp\/v2\/comments?post=8909"}],"version-history":[{"count":1,"href":"https:\/\/www.correiodascidades.com.br\/v1\/wp-json\/wp\/v2\/posts\/8909\/revisions"}],"predecessor-version":[{"id":8911,"href":"https:\/\/www.correiodascidades.com.br\/v1\/wp-json\/wp\/v2\/posts\/8909\/revisions\/8911"}],"wp:featuredmedia":[{"embeddable":true,"href":"https:\/\/www.correiodascidades.com.br\/v1\/wp-json\/wp\/v2\/media\/8910"}],"wp:attachment":[{"href":"https:\/\/www.correiodascidades.com.br\/v1\/wp-json\/wp\/v2\/media?parent=8909"}],"wp:term":[{"taxonomy":"category","embeddable":true,"href":"https:\/\/www.correiodascidades.com.br\/v1\/wp-json\/wp\/v2\/categories?post=8909"},{"taxonomy":"post_tag","embeddable":true,"href":"https:\/\/www.correiodascidades.com.br\/v1\/wp-json\/wp\/v2\/tags?post=8909"}],"curies":[{"name":"wp","href":"https:\/\/api.w.org\/{rel}","templated":true}]}}