{"id":8913,"date":"2024-01-28T11:56:42","date_gmt":"2024-01-28T14:56:42","guid":{"rendered":"https:\/\/www.correiodascidades.com.br\/v1\/?p=8913"},"modified":"2024-01-28T11:56:42","modified_gmt":"2024-01-28T14:56:42","slug":"fantasma-dilma-aumentara-conta-de-luz-ate-2028","status":"publish","type":"post","link":"https:\/\/www.correiodascidades.com.br\/v1\/2024\/01\/28\/fantasma-dilma-aumentara-conta-de-luz-ate-2028\/","title":{"rendered":"Fantasma Dilma aumentar\u00e1 conta de luz at\u00e9 2028"},"content":{"rendered":"<p><img loading=\"lazy\" class=\"\" src=\"https:\/\/www.correiodascidades.com.br\/v1\/wp-content\/uploads\/2024\/01\/transferir-2-1.jpg\" width=\"368\" height=\"244\" \/><\/p>\n<p><span class=\"dropcap \">O <\/span>an\u00fancio do governo Lula (PT) de que a conta de luz ficar\u00e1 5,6% mais cara este ano, bem al\u00e9m da infla\u00e7\u00e3o, fez ressuscitar a discuss\u00e3o sobre a medida provis\u00f3ria da ex-presidente petista Dilma Rousseff para baixar a tarifa na marra, em 2012. A MP aliviou a conta de luz at\u00e9 2014, mas criou d\u00edvida de mais de R$62 bilh\u00f5es do governo federal com concession\u00e1rias do setor el\u00e9trico, e impacta as contas desde ent\u00e3o. Inicialmente, a d\u00edvida seria paga at\u00e9 2024, mas teve de ser renegociada durante a pandemia.<\/p>\n<div class=\"notas\">\n<div id=\"Nota-2\" class=\"entry-block ch-nota Nota-2\">\n<h3>Fantasma encorpado<\/h3>\n<\/div>\n<p>A fatura come\u00e7ou a ser paga em 2017, mas \u00e9 t\u00e3o grande que foi renegociada em 2021 e agora os pagamentos v\u00e3o at\u00e9 2028.<\/p>\n<div id=\"Nota-3\" class=\"entry-block ch-nota Nota-3\">\n<h3>Assombra\u00e7\u00e3o bilion\u00e1ria<\/h3>\n<\/div>\n<p>Na pandemia, a Ag\u00eancia Nacional de Energia El\u00e9trica do governo Bolsonaro renegociou. Pagamentos atuais s\u00e3o de R$8 bilh\u00f5es\/ano.<\/p>\n<\/div>\n","protected":false},"excerpt":{"rendered":"<p>O an\u00fancio do governo Lula (PT) de que a conta de luz ficar\u00e1 5,6% mais cara este ano, bem al\u00e9m da infla\u00e7\u00e3o, fez ressuscitar a discuss\u00e3o sobre a medida provis\u00f3ria da ex-presidente petista Dilma Rousseff para baixar a tarifa na marra, em 2012. A MP aliviou a conta de luz at\u00e9 2014, mas criou d\u00edvida [&hellip;]<\/p>\n","protected":false},"author":3,"featured_media":8914,"comment_status":"closed","ping_status":"closed","sticky":false,"template":"","format":"standard","meta":{"_links_to":"","_links_to_target":""},"categories":[2],"tags":[],"_links":{"self":[{"href":"https:\/\/www.correiodascidades.com.br\/v1\/wp-json\/wp\/v2\/posts\/8913"}],"collection":[{"href":"https:\/\/www.correiodascidades.com.br\/v1\/wp-json\/wp\/v2\/posts"}],"about":[{"href":"https:\/\/www.correiodascidades.com.br\/v1\/wp-json\/wp\/v2\/types\/post"}],"author":[{"embeddable":true,"href":"https:\/\/www.correiodascidades.com.br\/v1\/wp-json\/wp\/v2\/users\/3"}],"replies":[{"embeddable":true,"href":"https:\/\/www.correiodascidades.com.br\/v1\/wp-json\/wp\/v2\/comments?post=8913"}],"version-history":[{"count":1,"href":"https:\/\/www.correiodascidades.com.br\/v1\/wp-json\/wp\/v2\/posts\/8913\/revisions"}],"predecessor-version":[{"id":8915,"href":"https:\/\/www.correiodascidades.com.br\/v1\/wp-json\/wp\/v2\/posts\/8913\/revisions\/8915"}],"wp:featuredmedia":[{"embeddable":true,"href":"https:\/\/www.correiodascidades.com.br\/v1\/wp-json\/wp\/v2\/media\/8914"}],"wp:attachment":[{"href":"https:\/\/www.correiodascidades.com.br\/v1\/wp-json\/wp\/v2\/media?parent=8913"}],"wp:term":[{"taxonomy":"category","embeddable":true,"href":"https:\/\/www.correiodascidades.com.br\/v1\/wp-json\/wp\/v2\/categories?post=8913"},{"taxonomy":"post_tag","embeddable":true,"href":"https:\/\/www.correiodascidades.com.br\/v1\/wp-json\/wp\/v2\/tags?post=8913"}],"curies":[{"name":"wp","href":"https:\/\/api.w.org\/{rel}","templated":true}]}}