{"id":8937,"date":"2024-01-31T22:03:39","date_gmt":"2024-02-01T01:03:39","guid":{"rendered":"https:\/\/www.correiodascidades.com.br\/v1\/?p=8937"},"modified":"2024-01-31T22:03:51","modified_gmt":"2024-02-01T01:03:51","slug":"pistolas-de-agua-serao-serao-apreendidas-pela-pm-nos-portais-de-abordagem-no-carnaval","status":"publish","type":"post","link":"https:\/\/www.correiodascidades.com.br\/v1\/2024\/01\/31\/pistolas-de-agua-serao-serao-apreendidas-pela-pm-nos-portais-de-abordagem-no-carnaval\/","title":{"rendered":"Pistolas de \u00e1gua ser\u00e3o ser\u00e3o apreendidas pela PM nos Portais de Abordagem no Carnaval"},"content":{"rendered":"<p><img loading=\"lazy\" class=\"\" src=\"https:\/\/www.correiodascidades.com.br\/v1\/wp-content\/uploads\/2024\/01\/policia-nas-ruas-SSP.jpeg\" width=\"527\" height=\"351\" \/><\/p>\n<p><span class=\"dropcap \">P<\/span>istolas de \u00e1gua ser\u00e3o recolhidas nos Portais de Abordagem no Carnaval 2024. Os equipamentos localizados pelas For\u00e7as de Seguran\u00e7a nos circuitos de festas de rua tamb\u00e9m ser\u00e3o retidos. A regulamenta\u00e7\u00e3o da Lei 14.584 de 2 de junho de 2023 foi relizada nesta segunda-feira (29), no Centro de Opera\u00e7\u00f5es e Intelig\u00eancia (COI) da SSP.<\/p>\n<p>Participaram do ato o governador Jer\u00f4nimo Rodrigues, o vice-governador Geraldo J\u00fanior, o secret\u00e1rio da Seguran\u00e7a P\u00fablica, Marcelo Werner, a secret\u00e1ria de Pol\u00edticas para as Mulheres (SPM), Elis\u00e2ngela Ara\u00fajo, entre outras autoridades.<\/p>\n<p>No Carnaval de Salvador e tamb\u00e9m nas festas da RMS e do interior, os policiais recolher\u00e3o as pistolas, como determina a Lei. Os objetos ser\u00e3o encaminhados \u00e0 SPM.<\/p>\n<blockquote><p>\u201cCumpriremos o que determina a legisla\u00e7\u00e3o. Aproveito a oportunidade para solicitar aos foli\u00f5es que n\u00e3o levem esse tipo de equipamento para os circuitos da festa\u201d, declarou Werner.<\/p><\/blockquote>\n","protected":false},"excerpt":{"rendered":"<p>Pistolas de \u00e1gua ser\u00e3o recolhidas nos Portais de Abordagem no Carnaval 2024. Os equipamentos localizados pelas For\u00e7as de Seguran\u00e7a nos circuitos de festas de rua tamb\u00e9m ser\u00e3o retidos. A regulamenta\u00e7\u00e3o da Lei 14.584 de 2 de junho de 2023 foi relizada nesta segunda-feira (29), no Centro de Opera\u00e7\u00f5es e Intelig\u00eancia (COI) da SSP. Participaram do [&hellip;]<\/p>\n","protected":false},"author":3,"featured_media":8938,"comment_status":"closed","ping_status":"closed","sticky":false,"template":"","format":"standard","meta":{"_links_to":"","_links_to_target":""},"categories":[11],"tags":[],"_links":{"self":[{"href":"https:\/\/www.correiodascidades.com.br\/v1\/wp-json\/wp\/v2\/posts\/8937"}],"collection":[{"href":"https:\/\/www.correiodascidades.com.br\/v1\/wp-json\/wp\/v2\/posts"}],"about":[{"href":"https:\/\/www.correiodascidades.com.br\/v1\/wp-json\/wp\/v2\/types\/post"}],"author":[{"embeddable":true,"href":"https:\/\/www.correiodascidades.com.br\/v1\/wp-json\/wp\/v2\/users\/3"}],"replies":[{"embeddable":true,"href":"https:\/\/www.correiodascidades.com.br\/v1\/wp-json\/wp\/v2\/comments?post=8937"}],"version-history":[{"count":1,"href":"https:\/\/www.correiodascidades.com.br\/v1\/wp-json\/wp\/v2\/posts\/8937\/revisions"}],"predecessor-version":[{"id":8939,"href":"https:\/\/www.correiodascidades.com.br\/v1\/wp-json\/wp\/v2\/posts\/8937\/revisions\/8939"}],"wp:featuredmedia":[{"embeddable":true,"href":"https:\/\/www.correiodascidades.com.br\/v1\/wp-json\/wp\/v2\/media\/8938"}],"wp:attachment":[{"href":"https:\/\/www.correiodascidades.com.br\/v1\/wp-json\/wp\/v2\/media?parent=8937"}],"wp:term":[{"taxonomy":"category","embeddable":true,"href":"https:\/\/www.correiodascidades.com.br\/v1\/wp-json\/wp\/v2\/categories?post=8937"},{"taxonomy":"post_tag","embeddable":true,"href":"https:\/\/www.correiodascidades.com.br\/v1\/wp-json\/wp\/v2\/tags?post=8937"}],"curies":[{"name":"wp","href":"https:\/\/api.w.org\/{rel}","templated":true}]}}