{"id":8940,"date":"2024-01-31T22:08:15","date_gmt":"2024-02-01T01:08:15","guid":{"rendered":"https:\/\/www.correiodascidades.com.br\/v1\/?p=8940"},"modified":"2024-01-31T22:08:15","modified_gmt":"2024-02-01T01:08:15","slug":"dinosai-da-justica-e-ressalta-recuo-em-crimes-letais-em-2023-no-ultimo-dia-no-mj","status":"publish","type":"post","link":"https:\/\/www.correiodascidades.com.br\/v1\/2024\/01\/31\/dinosai-da-justica-e-ressalta-recuo-em-crimes-letais-em-2023-no-ultimo-dia-no-mj\/","title":{"rendered":"Dinosai da Justi\u00e7a e ressalta recuo em crimes letais em 2023 no \u00faltimo dia no MJ"},"content":{"rendered":"<p>&nbsp;<\/p>\n<p>Ag\u00eancia Brasil<\/p>\n<p>Em seu \u00faltimo dia no cargo, o ministro da Justi\u00e7a e Seguran\u00e7a P\u00fablica, Fl\u00e1vio Dino, apresentou um balan\u00e7o do seu tempo \u00e0 frente da pasta, dando \u00eanfase a dados sobre seguran\u00e7a p\u00fablica, incluindo redu\u00e7\u00e3o de crimes violentos letais intencionais, roubos a bancos e cargas e porte de armas.<\/p>\n<p>O evento foi realizado no Pal\u00e1cio do Planalto e contou com a presen\u00e7a do presidente Luiz In\u00e1cio Lula da Silva, que descreveu o ato como \u201cum encontro de presta\u00e7\u00e3o de contas de um companheiro que prestou servi\u00e7o extraordin\u00e1rio ao meu governo\u201d. Tamb\u00e9m sentaram \u00e0 mesa o futuro ministro da Justi\u00e7a, Ricardo Lewandowski, e o ministro da Defesa, Jos\u00e9 M\u00facio.<\/p>\n<p><img loading=\"lazy\" class=\"alignnone size-full wp-image-8941\" src=\"https:\/\/www.correiodascidades.com.br\/v1\/wp-content\/uploads\/2024\/01\/dinoelula.despedida.ft-marcelocamargo-_1_.jpeg\" alt=\"\" width=\"600\" height=\"359\" srcset=\"https:\/\/www.correiodascidades.com.br\/v1\/wp-content\/uploads\/2024\/01\/dinoelula.despedida.ft-marcelocamargo-_1_.jpeg 600w, https:\/\/www.correiodascidades.com.br\/v1\/wp-content\/uploads\/2024\/01\/dinoelula.despedida.ft-marcelocamargo-_1_-300x180.jpeg 300w\" sizes=\"(max-width: 600px) 100vw, 600px\" \/><\/p>\n<p>Dino deixa o governo nesta quarta-feira (31) para assumir, em solenidade marcada para 22 de fevereiro, uma cadeira no Supremo Tribunal Federal (STF), ap\u00f3s ter seu nome indicado por Lula e aprovado pelo Senado. Antes, ele reassume, por poucas semanas, seu mandato como senador, para o qual foi eleito em 2022.<\/p>\n<p>De acordo com os dados apresentados por Dino, houve em 2023 queda de 4,17% nos crimes violentos letais intencionais, entre os quais homic\u00eddio, latroc\u00ednio e les\u00e3o corporal seguida de morte. Foram registrados no ano passado 40.429 crimes desse tipo, ante 42.190 registrados em 2022.<\/p>\n","protected":false},"excerpt":{"rendered":"<p>&nbsp; Ag\u00eancia Brasil Em seu \u00faltimo dia no cargo, o ministro da Justi\u00e7a e Seguran\u00e7a P\u00fablica, Fl\u00e1vio Dino, apresentou um balan\u00e7o do seu tempo \u00e0 frente da pasta, dando \u00eanfase a dados sobre seguran\u00e7a p\u00fablica, incluindo redu\u00e7\u00e3o de crimes violentos letais intencionais, roubos a bancos e cargas e porte de armas. O evento foi realizado [&hellip;]<\/p>\n","protected":false},"author":3,"featured_media":8942,"comment_status":"closed","ping_status":"closed","sticky":false,"template":"","format":"standard","meta":{"_links_to":"","_links_to_target":""},"categories":[10],"tags":[],"_links":{"self":[{"href":"https:\/\/www.correiodascidades.com.br\/v1\/wp-json\/wp\/v2\/posts\/8940"}],"collection":[{"href":"https:\/\/www.correiodascidades.com.br\/v1\/wp-json\/wp\/v2\/posts"}],"about":[{"href":"https:\/\/www.correiodascidades.com.br\/v1\/wp-json\/wp\/v2\/types\/post"}],"author":[{"embeddable":true,"href":"https:\/\/www.correiodascidades.com.br\/v1\/wp-json\/wp\/v2\/users\/3"}],"replies":[{"embeddable":true,"href":"https:\/\/www.correiodascidades.com.br\/v1\/wp-json\/wp\/v2\/comments?post=8940"}],"version-history":[{"count":1,"href":"https:\/\/www.correiodascidades.com.br\/v1\/wp-json\/wp\/v2\/posts\/8940\/revisions"}],"predecessor-version":[{"id":8943,"href":"https:\/\/www.correiodascidades.com.br\/v1\/wp-json\/wp\/v2\/posts\/8940\/revisions\/8943"}],"wp:featuredmedia":[{"embeddable":true,"href":"https:\/\/www.correiodascidades.com.br\/v1\/wp-json\/wp\/v2\/media\/8942"}],"wp:attachment":[{"href":"https:\/\/www.correiodascidades.com.br\/v1\/wp-json\/wp\/v2\/media?parent=8940"}],"wp:term":[{"taxonomy":"category","embeddable":true,"href":"https:\/\/www.correiodascidades.com.br\/v1\/wp-json\/wp\/v2\/categories?post=8940"},{"taxonomy":"post_tag","embeddable":true,"href":"https:\/\/www.correiodascidades.com.br\/v1\/wp-json\/wp\/v2\/tags?post=8940"}],"curies":[{"name":"wp","href":"https:\/\/api.w.org\/{rel}","templated":true}]}}