{"id":8956,"date":"2024-01-31T22:34:37","date_gmt":"2024-02-01T01:34:37","guid":{"rendered":"https:\/\/www.correiodascidades.com.br\/v1\/?p=8956"},"modified":"2024-01-31T22:34:37","modified_gmt":"2024-02-01T01:34:37","slug":"chuvas-e-ventos-causam-a-interrupcao-no-fornecimento-de-energia-eletrica-em-estacoes-da-emasa","status":"publish","type":"post","link":"https:\/\/www.correiodascidades.com.br\/v1\/2024\/01\/31\/chuvas-e-ventos-causam-a-interrupcao-no-fornecimento-de-energia-eletrica-em-estacoes-da-emasa\/","title":{"rendered":"Chuvas e ventos causam a interrup\u00e7\u00e3o no fornecimento de energia el\u00e9trica em esta\u00e7\u00f5es da EMASA"},"content":{"rendered":"<p><img loading=\"lazy\" class=\"\" src=\"https:\/\/www.correiodascidades.com.br\/v1\/wp-content\/uploads\/2024\/01\/e0d957da-2a80-462e-8ca2-10f7de347ba0.jpg\" width=\"510\" height=\"305\" \/><\/p>\n<p>As chuvas que atingem a regi\u00e3o sul do Estado, acompanhadas de fortes ventos, raios e trov\u00f5es, provocaram a interrup\u00e7\u00e3o por 18 horas no fornecimento de energia el\u00e9trica na Esta\u00e7\u00e3o de Capta\u00e7\u00e3o de \u00c1gua, em Rio do Bra\u00e7o, distrito de Ilh\u00e9us, e tamb\u00e9m na Esta\u00e7\u00e3o Elevat\u00f3ria de \u00c1gua Bruta, na Vila de Mutuns, em Itabuna.<\/p>\n<p>Depois de realizar uma varredura na rede el\u00e9trica e uma manobra no in\u00edcio da manh\u00e3 de hoje, dia 25, t\u00e9cnicos da Neoenergia Coelba conseguiram restabelecer o abastecimento de energia para as esta\u00e7\u00f5es, o que possibilitou \u00e0 Empresa Municipal de \u00c1guas e Saneamento \u2013 EMASA voltar a operar a produ\u00e7\u00e3o de \u00e1gua.<\/p>\n<p>Segundo o gerente t\u00e9cnico da EMASA, Jo\u00e3o Bitencourt, a suspens\u00e3o do fornecimento de energia el\u00e9trica por longos per\u00edodos provoca atrasos no cronograma do fornecimento de \u00e1gua em Itabuna.<!--more--><\/p>\n<p>\u201cA paralisa\u00e7\u00e3o por parte da concession\u00e1ria de energia, devido \u00e0s fortes chuvas e ventos, que causaram danos na rede de transmiss\u00e3o. Comprometeu o sistema de capta\u00e7\u00e3o e eleva\u00e7\u00e3o de \u00e1gua bruta da EMASA, que ficou parado durante todo esse tempo, a Neoenergia Coelba em um grande esfor\u00e7o, conseguiu normalizar a situa\u00e7\u00e3o. Por volta das 8 horas, retomamos a produ\u00e7\u00e3o de \u00e1gua tratada na ETA principal\u201d, disse Bitencourt.<\/p>\n<p>As esta\u00e7\u00f5es de capta\u00e7\u00e3o e elevat\u00f3ria da EMASA est\u00e3o localizadas em \u00e1reas rurais e de mata e a rede el\u00e9trica fica sujeita a danos devido as intemp\u00e9ries. Como quedas de \u00e1rvores sobre as linhas de transmiss\u00e3o energia.<\/p>\n<p>Ainda de acordo com Bitencourt, esses incidentes prejudicam o sistema de manobras. \u201cPaulatinamente iremos normalizando o abastecimento em todas as zonas da cidade, \u00e9 importante que a popula\u00e7\u00e3o fa\u00e7a o uso racional da \u00e1gua e evite o desperd\u00edcio\u201d, advertiu o gerente T\u00e9cnico da EMASA, Jo\u00e3o Bitencourt<\/p>\n","protected":false},"excerpt":{"rendered":"<p>As chuvas que atingem a regi\u00e3o sul do Estado, acompanhadas de fortes ventos, raios e trov\u00f5es, provocaram a interrup\u00e7\u00e3o por 18 horas no fornecimento de energia el\u00e9trica na Esta\u00e7\u00e3o de Capta\u00e7\u00e3o de \u00c1gua, em Rio do Bra\u00e7o, distrito de Ilh\u00e9us, e tamb\u00e9m na Esta\u00e7\u00e3o Elevat\u00f3ria de \u00c1gua Bruta, na Vila de Mutuns, em Itabuna. Depois [&hellip;]<\/p>\n","protected":false},"author":3,"featured_media":8957,"comment_status":"closed","ping_status":"closed","sticky":false,"template":"","format":"standard","meta":{"_links_to":"","_links_to_target":""},"categories":[1],"tags":[],"_links":{"self":[{"href":"https:\/\/www.correiodascidades.com.br\/v1\/wp-json\/wp\/v2\/posts\/8956"}],"collection":[{"href":"https:\/\/www.correiodascidades.com.br\/v1\/wp-json\/wp\/v2\/posts"}],"about":[{"href":"https:\/\/www.correiodascidades.com.br\/v1\/wp-json\/wp\/v2\/types\/post"}],"author":[{"embeddable":true,"href":"https:\/\/www.correiodascidades.com.br\/v1\/wp-json\/wp\/v2\/users\/3"}],"replies":[{"embeddable":true,"href":"https:\/\/www.correiodascidades.com.br\/v1\/wp-json\/wp\/v2\/comments?post=8956"}],"version-history":[{"count":1,"href":"https:\/\/www.correiodascidades.com.br\/v1\/wp-json\/wp\/v2\/posts\/8956\/revisions"}],"predecessor-version":[{"id":8958,"href":"https:\/\/www.correiodascidades.com.br\/v1\/wp-json\/wp\/v2\/posts\/8956\/revisions\/8958"}],"wp:featuredmedia":[{"embeddable":true,"href":"https:\/\/www.correiodascidades.com.br\/v1\/wp-json\/wp\/v2\/media\/8957"}],"wp:attachment":[{"href":"https:\/\/www.correiodascidades.com.br\/v1\/wp-json\/wp\/v2\/media?parent=8956"}],"wp:term":[{"taxonomy":"category","embeddable":true,"href":"https:\/\/www.correiodascidades.com.br\/v1\/wp-json\/wp\/v2\/categories?post=8956"},{"taxonomy":"post_tag","embeddable":true,"href":"https:\/\/www.correiodascidades.com.br\/v1\/wp-json\/wp\/v2\/tags?post=8956"}],"curies":[{"name":"wp","href":"https:\/\/api.w.org\/{rel}","templated":true}]}}