{"id":8974,"date":"2024-02-01T22:18:00","date_gmt":"2024-02-02T01:18:00","guid":{"rendered":"https:\/\/www.correiodascidades.com.br\/v1\/?p=8974"},"modified":"2024-02-01T22:18:00","modified_gmt":"2024-02-02T01:18:00","slug":"quem-e-maico-franco-tecnico-interino-do-itabuna-esporte-clube","status":"publish","type":"post","link":"https:\/\/www.correiodascidades.com.br\/v1\/2024\/02\/01\/quem-e-maico-franco-tecnico-interino-do-itabuna-esporte-clube\/","title":{"rendered":"Quem \u00e9 Maico Franco, t\u00e9cnico interino do Itabuna Esporte Clube"},"content":{"rendered":"<p><img src=\"https:\/\/www.correiodascidades.com.br\/v1\/wp-content\/uploads\/2024\/02\/198d3863-ba89-4965-a794-c5eef9cf9621-ft.jpg\" \/><br \/>\nNa noite deste quinta-feira, dia 1\u00b0, durante a partida contra o Juazeirense, os jogadores do Itabuna Esporte Clube ser\u00e3o orientados \u00e0 beira do campo pelo auxiliar t\u00e9cnico Maico Franco. A partida v\u00e1lida pela quinta rodada do Baian\u00e3o-2024, est\u00e1 prevista para \u00e0s 21h15min, no est\u00e1dio Adauto Moraes, em Juazeiro.<br \/>\nMaico Franco integra um grupo criado pela diretoria para comandar os atletas itabunense. A equipe \u00e9 formada tamb\u00e9m pelo treinador de goleiros Vandr\u00e9 Neves e o preparador f\u00edsico Marailton Jardim.<br \/>\nNatural de Itabuna, Maico Franco tem 30 anos. Formado em Educa\u00e7\u00e3o F\u00edsica e graduado na Licen\u00e7a C &#8211; CBF Academy, atualmente cursa a Licen\u00e7a B para treinadores. Com passagem pelas divis\u00f5es de base do Itabuna Esporte clube, seu \u00faltimo trabalho foi desenvolvido, neste ano de 2023, junto \u00e0 equipe Sub 20 do Barcelona de Ilh\u00e9us, alcan\u00e7ando excelente desempenho no Campeonato Baiano da categoria. Maico Franco \u00e9 um dos destaques da nossa regi\u00e3o, com seu trabalho inovador, motivando e agregando os elencos que comanda.<br \/>\nFormado em Educa\u00e7\u00e3o F\u00edsica e p\u00f3s-graduado em Fisiologia do Exerc\u00edcio e Treinamento Desportivo, Marailton Jardim foi bicampe\u00e3o baiano da Primeira Divis\u00e3o pelo Atl\u00e9tico de Alagoinhas; bicampe\u00e3o baiano da Segunda Divis\u00e3o pelo Madre de Deus e pelo Jequi\u00e9 Conquistou o Acesso \u00e0 S\u00e9rie C pelo Juazeirense, o vice-campeonato tamb\u00e9m pelo Atl\u00e9tico de Alagoinhas. <!--more--><br \/>\nAos 42 anos, Vandr\u00e9 Neves tem uma vasta experi\u00eancia no futebol, com passagens por diversos clubes do futebol ga\u00facho, dentre eles, Gr\u00eamio, Joinville, Santa Cruz, Gl\u00f3ria e Avenida, tendo conquistado a Recopa Sul-Brasileira em 2009. Tem passagens pelo Vit\u00f3ria da Conquista e Fluminense de Feira. No Itabuna Esporte Clube, sempre se destacou pela garra e lideran\u00e7a, conquistando toda a torcida azulina, sendo considerado pela torcida um \u00eddolo no gol. Como treinador de goleiros, atuou no Gl\u00f3ria e no Avenida, ambos do Rio Grande do Sul.<\/p>\n","protected":false},"excerpt":{"rendered":"<p>Na noite deste quinta-feira, dia 1\u00b0, durante a partida contra o Juazeirense, os jogadores do Itabuna Esporte Clube ser\u00e3o orientados \u00e0 beira do campo pelo auxiliar t\u00e9cnico Maico Franco. A partida v\u00e1lida pela quinta rodada do Baian\u00e3o-2024, est\u00e1 prevista para \u00e0s 21h15min, no est\u00e1dio Adauto Moraes, em Juazeiro. Maico Franco integra um grupo criado pela [&hellip;]<\/p>\n","protected":false},"author":3,"featured_media":8975,"comment_status":"closed","ping_status":"closed","sticky":false,"template":"","format":"standard","meta":{"_links_to":"","_links_to_target":""},"categories":[45],"tags":[],"_links":{"self":[{"href":"https:\/\/www.correiodascidades.com.br\/v1\/wp-json\/wp\/v2\/posts\/8974"}],"collection":[{"href":"https:\/\/www.correiodascidades.com.br\/v1\/wp-json\/wp\/v2\/posts"}],"about":[{"href":"https:\/\/www.correiodascidades.com.br\/v1\/wp-json\/wp\/v2\/types\/post"}],"author":[{"embeddable":true,"href":"https:\/\/www.correiodascidades.com.br\/v1\/wp-json\/wp\/v2\/users\/3"}],"replies":[{"embeddable":true,"href":"https:\/\/www.correiodascidades.com.br\/v1\/wp-json\/wp\/v2\/comments?post=8974"}],"version-history":[{"count":1,"href":"https:\/\/www.correiodascidades.com.br\/v1\/wp-json\/wp\/v2\/posts\/8974\/revisions"}],"predecessor-version":[{"id":8976,"href":"https:\/\/www.correiodascidades.com.br\/v1\/wp-json\/wp\/v2\/posts\/8974\/revisions\/8976"}],"wp:featuredmedia":[{"embeddable":true,"href":"https:\/\/www.correiodascidades.com.br\/v1\/wp-json\/wp\/v2\/media\/8975"}],"wp:attachment":[{"href":"https:\/\/www.correiodascidades.com.br\/v1\/wp-json\/wp\/v2\/media?parent=8974"}],"wp:term":[{"taxonomy":"category","embeddable":true,"href":"https:\/\/www.correiodascidades.com.br\/v1\/wp-json\/wp\/v2\/categories?post=8974"},{"taxonomy":"post_tag","embeddable":true,"href":"https:\/\/www.correiodascidades.com.br\/v1\/wp-json\/wp\/v2\/tags?post=8974"}],"curies":[{"name":"wp","href":"https:\/\/api.w.org\/{rel}","templated":true}]}}