{"id":8998,"date":"2024-02-03T06:55:14","date_gmt":"2024-02-03T09:55:14","guid":{"rendered":"https:\/\/www.correiodascidades.com.br\/v1\/?p=8998"},"modified":"2024-02-03T06:55:57","modified_gmt":"2024-02-03T09:55:57","slug":"violencia-em-ilheus","status":"publish","type":"post","link":"https:\/\/www.correiodascidades.com.br\/v1\/2024\/02\/03\/violencia-em-ilheus\/","title":{"rendered":"Viol\u00eancia em Ilh\u00e9us"},"content":{"rendered":"<p>&nbsp;<\/p>\n<p><img src=\"https:\/\/www.correiodascidades.com.br\/v1\/wp-content\/uploads\/2024\/02\/b25d5a9d-59aa-4844-8119-afd0a1bce3c1-conquista.jpg\" \/><\/p>\n<p>O bairro da Conquista foi palco de selvageria na noite desta sexta feira (02), de acordo com informa\u00e7\u00f5es que chegadas um forte tiroteio aconteceu nas imedia\u00e7\u00f5es da pra\u00e7a Santa Rita nesta noite e madrugada passada.<\/p>\n<p>No local ningu\u00e9m sabe o que aconteceu nem quem investiu contra a vida das pessoas que estavam no local. Nas redes sociais outras informa\u00e7\u00f5es d\u00e3o conta de que uma pessoa teria morrido.<\/p>\n<p>A policia foi chamada e est\u00e1 investigado o caso. Mais informa\u00e7\u00f5es ainda nesta edi\u00e7\u00e3o.<\/p>\n<p>&nbsp;<\/p>\n","protected":false},"excerpt":{"rendered":"<p>&nbsp; O bairro da Conquista foi palco de selvageria na noite desta sexta feira (02), de acordo com informa\u00e7\u00f5es que chegadas um forte tiroteio aconteceu nas imedia\u00e7\u00f5es da pra\u00e7a Santa Rita nesta noite e madrugada passada. No local ningu\u00e9m sabe o que aconteceu nem quem investiu contra a vida das pessoas que estavam no local. [&hellip;]<\/p>\n","protected":false},"author":3,"featured_media":8999,"comment_status":"closed","ping_status":"closed","sticky":false,"template":"","format":"standard","meta":{"_links_to":"","_links_to_target":""},"categories":[1],"tags":[],"_links":{"self":[{"href":"https:\/\/www.correiodascidades.com.br\/v1\/wp-json\/wp\/v2\/posts\/8998"}],"collection":[{"href":"https:\/\/www.correiodascidades.com.br\/v1\/wp-json\/wp\/v2\/posts"}],"about":[{"href":"https:\/\/www.correiodascidades.com.br\/v1\/wp-json\/wp\/v2\/types\/post"}],"author":[{"embeddable":true,"href":"https:\/\/www.correiodascidades.com.br\/v1\/wp-json\/wp\/v2\/users\/3"}],"replies":[{"embeddable":true,"href":"https:\/\/www.correiodascidades.com.br\/v1\/wp-json\/wp\/v2\/comments?post=8998"}],"version-history":[{"count":2,"href":"https:\/\/www.correiodascidades.com.br\/v1\/wp-json\/wp\/v2\/posts\/8998\/revisions"}],"predecessor-version":[{"id":9001,"href":"https:\/\/www.correiodascidades.com.br\/v1\/wp-json\/wp\/v2\/posts\/8998\/revisions\/9001"}],"wp:featuredmedia":[{"embeddable":true,"href":"https:\/\/www.correiodascidades.com.br\/v1\/wp-json\/wp\/v2\/media\/8999"}],"wp:attachment":[{"href":"https:\/\/www.correiodascidades.com.br\/v1\/wp-json\/wp\/v2\/media?parent=8998"}],"wp:term":[{"taxonomy":"category","embeddable":true,"href":"https:\/\/www.correiodascidades.com.br\/v1\/wp-json\/wp\/v2\/categories?post=8998"},{"taxonomy":"post_tag","embeddable":true,"href":"https:\/\/www.correiodascidades.com.br\/v1\/wp-json\/wp\/v2\/tags?post=8998"}],"curies":[{"name":"wp","href":"https:\/\/api.w.org\/{rel}","templated":true}]}}