{"id":9002,"date":"2024-02-04T09:27:44","date_gmt":"2024-02-04T12:27:44","guid":{"rendered":"https:\/\/www.correiodascidades.com.br\/v1\/?p=9002"},"modified":"2024-02-04T09:27:44","modified_gmt":"2024-02-04T12:27:44","slug":"tarcisio-disse-conhecer-o-pt-por-isso-quer-distancia","status":"publish","type":"post","link":"https:\/\/www.correiodascidades.com.br\/v1\/2024\/02\/04\/tarcisio-disse-conhecer-o-pt-por-isso-quer-distancia\/","title":{"rendered":"Tarc\u00edsio disse conhecer o PT, por isso quer dist\u00e2ncia"},"content":{"rendered":"<div class=\"entry-header\">\n<h1 class=\"jeg_post_title\"><\/h1>\n<\/div>\n<div class=\"entry-content with-share\">\n<div class=\"content-inner \">\n<h6><span class=\"highlight\"><a href=\"https:\/\/www.jornaldamidia.com.br\/wp-content\/uploads\/2024\/02\/tarciso_mcamgo_abr_201220211818-3-960x640-1.webp\"><img loading=\"lazy\" class=\" wp-image-355865\" src=\"https:\/\/www.jornaldamidia.com.br\/wp-content\/uploads\/2024\/02\/tarciso_mcamgo_abr_201220211818-3-960x640-1.webp\" alt=\"\" width=\"614\" height=\"409\" data-pin-no-hover=\"true\" \/><\/a><em>O governador do estado de S\u00e3o Paulo, Tarc\u00edsio de Freitas (Foto: Ag\u00eancia Brasil)<\/em><\/span><\/h6>\n<p><span class=\"highlight\">CL\u00c1UDIO HUMBERTO<\/span><\/p>\n<p><span class=\"dropcap \">A<\/span>o fazer acenos para Tarc\u00edsio Gomes de Freitas (Republicanos) \u201cvoltar ao PT\u201d, ao qual nunca foi filiado, o presidente Lula mostrou n\u00e3o ter visto os v\u00e1rios v\u00eddeos viralizados na internet em que o governador de S\u00e3o Paulo explica que exatamente por haver trabalhado em governo do PT e conhecido as pr\u00e1ticas nada republicanas dos petistas, ele \u00e9 \u201cantipetista por convic\u00e7\u00e3o\u201d. Ele tamb\u00e9m afirmou v\u00e1rias vezes, em entrevistas na TV, que \u201co PT representa corrup\u00e7\u00e3o e atraso\u201d e \u201cenganou a popula\u00e7\u00e3o\u201d.<\/p>\n<div id=\"Nota-7\" class=\"entry-block ch-nota Nota-7\">\n<h3>Quer dist\u00e2ncia<\/h3>\n<\/div>\n<p>Ele contou ter sido certa vez cobrado, em restaurante, para \u201cretornar\u201d ao PT. Explicou que sabe como atua o PT e por isso mesmo quer dist\u00e2ncia.<\/p>\n<div id=\"Nota-8\" class=\"entry-block ch-nota Nota-8\">\n<h3>Boa e velha \u00e9tica<\/h3>\n<\/div>\n<p>Cidad\u00e3o com s\u00f3lida forma\u00e7\u00e3o, consolidada nos tempos do Ex\u00e9rcito, o ex-capit\u00e3o Tarc\u00edsio n\u00e3o abre m\u00e3o de princ\u00edpios \u00e9ticos ignorados no PT.<\/p>\n<div id=\"Nota-9\" class=\"entry-block ch-nota Nota-9\">\n<h3>Apenas sorrisos<\/h3>\n<\/div>\n<p>Os acenos foram feitos nesta sexta (2), durante evento em S\u00e3o Paulo, quando o governador apenas sorriu ao ouvir o grito \u201cvolta, Tarc\u00edsio\u201d.<\/p>\n<\/div>\n<\/div>\n","protected":false},"excerpt":{"rendered":"<p>O governador do estado de S\u00e3o Paulo, Tarc\u00edsio de Freitas (Foto: Ag\u00eancia Brasil) CL\u00c1UDIO HUMBERTO Ao fazer acenos para Tarc\u00edsio Gomes de Freitas (Republicanos) \u201cvoltar ao PT\u201d, ao qual nunca foi filiado, o presidente Lula mostrou n\u00e3o ter visto os v\u00e1rios v\u00eddeos viralizados na internet em que o governador de S\u00e3o Paulo explica que exatamente [&hellip;]<\/p>\n","protected":false},"author":3,"featured_media":9003,"comment_status":"closed","ping_status":"closed","sticky":false,"template":"","format":"standard","meta":{"_links_to":"","_links_to_target":""},"categories":[1],"tags":[],"_links":{"self":[{"href":"https:\/\/www.correiodascidades.com.br\/v1\/wp-json\/wp\/v2\/posts\/9002"}],"collection":[{"href":"https:\/\/www.correiodascidades.com.br\/v1\/wp-json\/wp\/v2\/posts"}],"about":[{"href":"https:\/\/www.correiodascidades.com.br\/v1\/wp-json\/wp\/v2\/types\/post"}],"author":[{"embeddable":true,"href":"https:\/\/www.correiodascidades.com.br\/v1\/wp-json\/wp\/v2\/users\/3"}],"replies":[{"embeddable":true,"href":"https:\/\/www.correiodascidades.com.br\/v1\/wp-json\/wp\/v2\/comments?post=9002"}],"version-history":[{"count":1,"href":"https:\/\/www.correiodascidades.com.br\/v1\/wp-json\/wp\/v2\/posts\/9002\/revisions"}],"predecessor-version":[{"id":9004,"href":"https:\/\/www.correiodascidades.com.br\/v1\/wp-json\/wp\/v2\/posts\/9002\/revisions\/9004"}],"wp:featuredmedia":[{"embeddable":true,"href":"https:\/\/www.correiodascidades.com.br\/v1\/wp-json\/wp\/v2\/media\/9003"}],"wp:attachment":[{"href":"https:\/\/www.correiodascidades.com.br\/v1\/wp-json\/wp\/v2\/media?parent=9002"}],"wp:term":[{"taxonomy":"category","embeddable":true,"href":"https:\/\/www.correiodascidades.com.br\/v1\/wp-json\/wp\/v2\/categories?post=9002"},{"taxonomy":"post_tag","embeddable":true,"href":"https:\/\/www.correiodascidades.com.br\/v1\/wp-json\/wp\/v2\/tags?post=9002"}],"curies":[{"name":"wp","href":"https:\/\/api.w.org\/{rel}","templated":true}]}}