{"id":9005,"date":"2024-02-04T09:31:02","date_gmt":"2024-02-04T12:31:02","guid":{"rendered":"https:\/\/www.correiodascidades.com.br\/v1\/?p=9005"},"modified":"2024-02-04T09:31:02","modified_gmt":"2024-02-04T12:31:02","slug":"ministerio-da-saude-estuda-ampliar-oferta-da-vacina-contra-dengue","status":"publish","type":"post","link":"https:\/\/www.correiodascidades.com.br\/v1\/2024\/02\/04\/ministerio-da-saude-estuda-ampliar-oferta-da-vacina-contra-dengue\/","title":{"rendered":"Minist\u00e9rio da Sa\u00fade estuda ampliar oferta da vacina contra dengue"},"content":{"rendered":"<div class=\"entry-header\">\n<h1 class=\"jeg_post_title\"><\/h1>\n<\/div>\n<div class=\"entry-content with-share\">\n<div class=\"jeg_share_button share-float jeg_sticky_share clearfix share-normal\">\n<div class=\"jegStickyHolder\">\n<div class=\"theiaStickySidebar\">\n<div class=\"jeg_share_float_container\">\n<div class=\"jeg_sharelist\"><a href=\"https:\/\/www.jornaldamidia.com.br\/wp-content\/uploads\/2024\/02\/dengue.campanha.webp\"><img loading=\"lazy\" class=\" wp-image-355891\" src=\"https:\/\/www.jornaldamidia.com.br\/wp-content\/uploads\/2024\/02\/dengue.campanha.webp\" alt=\"\" width=\"475\" height=\"284\" data-pin-no-hover=\"true\" \/><\/a><\/div>\n<\/div>\n<\/div>\n<\/div>\n<\/div>\n<div class=\"content-inner \">\n<h6><span class=\"highlight\"><em>Centro de Emerg\u00eancia come\u00e7a a funcionar para apoiar monitoramento \u2013 Foto: Antonio Cruz\/Ag\u00eancia Brasil<\/em><\/span><\/h6>\n<p>Ag\u00eancia Brasil<\/p>\n<p><span class=\"dropcap \">A<\/span>ministra da Sa\u00fade, N\u00edsia Trindade, disse neste s\u00e1bado (3) que o governo estuda ampliar a oferta de vacinas contra a dengue no pa\u00eds. A informa\u00e7\u00e3o foi repassada durante a abertura do Centro de Opera\u00e7\u00f5es de Emerg\u00eancias (COE) contra a dengue, em Bras\u00edlia. Segundo a ministra, foram realizadas reuni\u00f5es com a Ag\u00eancia Nacional de Vigil\u00e2ncia Sanit\u00e1ria (Anvisa), a Funda\u00e7\u00e3o Oswaldo Cruz (Fiocruz) e o Instituto Butant\u00e3 para tratar do tema.<img src=\"https:\/\/agenciabrasil.ebc.com.br\/ebc.png?id=1579407&amp;o=node\" data-pin-no-hover=\"true\" \/><img src=\"https:\/\/agenciabrasil.ebc.com.br\/ebc.gif?id=1579407&amp;o=node\" data-pin-no-hover=\"true\" \/><\/p>\n<\/div>\n<\/div>\n<p><!--more--><\/p>\n<div class=\"entry-content with-share\">\n<div class=\"content-inner \">\n<p>\u201cTodo o nosso esfor\u00e7o ser\u00e1 para ampliar essa oferta [de vacinas]\u201d, disse a ministra.<\/p>\n<p>O Brasil \u00e9 o primeiro pa\u00eds do mundo a oferecer o imunizante no sistema de sa\u00fade p\u00fablica. A primeira remessa com cerca de 757 mil doses chegou ao Brasil em 20 de janeiro. O lote faz parte de um total de 1,32 milh\u00e3o de doses fornecidas pela farmac\u00eautica respons\u00e1vel pela Qdenga. Outra remessa, com mais de 568 mil doses, est\u00e1 com entrega prevista para fevereiro. A previs\u00e3o \u00e9 que o pa\u00eds receba 5,2 milh\u00f5es de doses este ano. Inicialmente, a vacina ser\u00e1 aplicada na popula\u00e7\u00e3o de regi\u00f5es end\u00eamicas, em 521 munic\u00edpios. Para 2025, a pasta j\u00e1 contratou outras 9 milh\u00f5es de doses.<\/p>\n<p>Mesmo com a amplia\u00e7\u00e3o, a ministra destacou que a oferta do imunizante n\u00e3o trar\u00e1 impactos imediatos para o combate \u00e0 doen\u00e7a.<\/p>\n<p>\u201cElas [as vacinas] significam muito, at\u00e9 porque adquirimos vacinas para 2024 e 2025 e todo o nosso esfor\u00e7o ser\u00e1 para ampliar essa oferta, mas n\u00e3o vai ter um impacto nesse intervalo inicial de poucos meses\u201d, apontou.<\/p>\n<p>&nbsp;<\/p>\n<\/div>\n<\/div>\n<p>&nbsp;<\/p>\n","protected":false},"excerpt":{"rendered":"<p>Centro de Emerg\u00eancia come\u00e7a a funcionar para apoiar monitoramento \u2013 Foto: Antonio Cruz\/Ag\u00eancia Brasil Ag\u00eancia Brasil Aministra da Sa\u00fade, N\u00edsia Trindade, disse neste s\u00e1bado (3) que o governo estuda ampliar a oferta de vacinas contra a dengue no pa\u00eds. A informa\u00e7\u00e3o foi repassada durante a abertura do Centro de Opera\u00e7\u00f5es de Emerg\u00eancias (COE) contra a [&hellip;]<\/p>\n","protected":false},"author":3,"featured_media":9006,"comment_status":"closed","ping_status":"closed","sticky":false,"template":"","format":"standard","meta":{"_links_to":"","_links_to_target":""},"categories":[9],"tags":[],"_links":{"self":[{"href":"https:\/\/www.correiodascidades.com.br\/v1\/wp-json\/wp\/v2\/posts\/9005"}],"collection":[{"href":"https:\/\/www.correiodascidades.com.br\/v1\/wp-json\/wp\/v2\/posts"}],"about":[{"href":"https:\/\/www.correiodascidades.com.br\/v1\/wp-json\/wp\/v2\/types\/post"}],"author":[{"embeddable":true,"href":"https:\/\/www.correiodascidades.com.br\/v1\/wp-json\/wp\/v2\/users\/3"}],"replies":[{"embeddable":true,"href":"https:\/\/www.correiodascidades.com.br\/v1\/wp-json\/wp\/v2\/comments?post=9005"}],"version-history":[{"count":1,"href":"https:\/\/www.correiodascidades.com.br\/v1\/wp-json\/wp\/v2\/posts\/9005\/revisions"}],"predecessor-version":[{"id":9007,"href":"https:\/\/www.correiodascidades.com.br\/v1\/wp-json\/wp\/v2\/posts\/9005\/revisions\/9007"}],"wp:featuredmedia":[{"embeddable":true,"href":"https:\/\/www.correiodascidades.com.br\/v1\/wp-json\/wp\/v2\/media\/9006"}],"wp:attachment":[{"href":"https:\/\/www.correiodascidades.com.br\/v1\/wp-json\/wp\/v2\/media?parent=9005"}],"wp:term":[{"taxonomy":"category","embeddable":true,"href":"https:\/\/www.correiodascidades.com.br\/v1\/wp-json\/wp\/v2\/categories?post=9005"},{"taxonomy":"post_tag","embeddable":true,"href":"https:\/\/www.correiodascidades.com.br\/v1\/wp-json\/wp\/v2\/tags?post=9005"}],"curies":[{"name":"wp","href":"https:\/\/api.w.org\/{rel}","templated":true}]}}