{"id":9011,"date":"2024-02-04T11:37:00","date_gmt":"2024-02-04T14:37:00","guid":{"rendered":"https:\/\/www.correiodascidades.com.br\/v1\/?p=9011"},"modified":"2024-02-04T11:37:00","modified_gmt":"2024-02-04T14:37:00","slug":"faculdades-de-ilheus-e-madre-thais-realizam-nova-edicao-do-programa-de-instrumentalizacao-docente","status":"publish","type":"post","link":"https:\/\/www.correiodascidades.com.br\/v1\/2024\/02\/04\/faculdades-de-ilheus-e-madre-thais-realizam-nova-edicao-do-programa-de-instrumentalizacao-docente\/","title":{"rendered":"Faculdades de Ilh\u00e9us e Madre Tha\u00eds realizam nova edi\u00e7\u00e3o do Programa de Instrumentaliza\u00e7\u00e3o Docente"},"content":{"rendered":"<p><img loading=\"lazy\" class=\"\" src=\"https:\/\/www.correiodascidades.com.br\/v1\/wp-content\/uploads\/2024\/02\/Faculdade-de-Ilheus-visao-noturna-Profa.-Cristine-Araes-1.jpg\" width=\"508\" height=\"381\" \/><\/p>\n<p><span style=\"font-weight: 400;\">Como parte integrante do Planejamento Pedag\u00f3gico para o semestre letivo 2024.1, a Faculdade de Ilh\u00e9us e a Faculdade Madre Tha\u00eds realizar\u00e3o uma nova edi\u00e7\u00e3o do Programa de Instrumentaliza\u00e7\u00e3o Docente\/Discente (PID), coordenado pelo professor Adailson Miranda, nos pr\u00f3ximos dias 5 e 6 de fevereiro, no audit\u00f3rio Professora Ad\u00e9lia Maria Carvalho de Melo. O planejamento conta com a participa\u00e7\u00e3o dos coordenadores e professores dos cursos de gradua\u00e7\u00e3o ofertados na institui\u00e7\u00e3o.\u00a0<\/span><\/p>\n<p><span style=\"font-weight: 400;\">\u00a0<\/span><span style=\"font-weight: 400;\">Conforme a diretora acad\u00eamica das institui\u00e7\u00f5es, Sandra Milanesi, as atividades de planejamento pedag\u00f3gico foram iniciadas na segunda-feira, 29 de janeiro, de acordo com o calend\u00e1rio acad\u00eamico, sendo preparat\u00f3rias para o primeiro semestre letivo do ano. O per\u00edodo letivo come\u00e7a no dia 7 de fevereiro.\u00a0<\/span><\/p>\n<p><span style=\"font-weight: 400;\">\u00a0<\/span><span style=\"font-weight: 400;\">O primeiro momento desta edi\u00e7\u00e3o do Programa de Instrumentaliza\u00e7\u00e3o Docente, no dia 5, \u00e0s 18h30min, ser\u00e1 dedicado ao Relato de Experi\u00eancia, quando as coordena\u00e7\u00f5es de curso abordar\u00e3o os resultados dos projetos desenvolvidos e da aplica\u00e7\u00e3o de metodologias ativas durante o semestre 2023-2.<\/span><\/p>\n<p><span style=\"font-weight: 400;\">\u00a0<\/span><span style=\"font-weight: 400;\">Logo ap\u00f3s, \u00e0s 20h30min, em um segundo momento, ser\u00e1 realizada a\u00a0<\/span><!--more--><\/p>\n<p><span style=\"font-weight: 400;\">palestra de instrumentaliza\u00e7\u00e3o, com o professor Adailson Miranda, coordenador do PID, que abordar\u00e1 a &#8220;Coer\u00eancia entre as pr\u00e1ticas did\u00e1tico-pedag\u00f3gicas e a elabora\u00e7\u00e3o dos instrumentos de avalia\u00e7\u00e3o.\u201d\u00a0<\/span><\/p>\n<p><span style=\"font-weight: 400;\">\u00a0<\/span><span style=\"font-weight: 400;\">A programa\u00e7\u00e3o ter\u00e1 continuidade no dia 6, ter\u00e7a-feira, 18h30min, com o Momento de Articula\u00e7\u00e3o, hor\u00e1rio destinado \u00e0s coordena\u00e7\u00f5es para que possam articular junto aos\/\u00e0s docentes o processo de acolhimento aos estudantes nos primeiros dias do semestre letivo 2024.1. \u00a0\u00a0<\/span><\/p>\n<p><span style=\"font-weight: 400;\">\u00a0<\/span><b>Cursos <\/b><span style=\"font-weight: 400;\">\u2013 As Faculdades de Ilh\u00e9us e Madre Tha\u00eds oferecem os cursos de gradua\u00e7\u00e3o em Administra\u00e7\u00e3o, Ci\u00eancias Cont\u00e1beis, Direito, Enfermagem, Engenharia Civil, Est\u00e9tica e Cosm\u00e9tica, Nutri\u00e7\u00e3o, Odontologia, Psicologia, Arquitetura e Urbanismo, Biomedicina, Engenharia El\u00e9trica, Farm\u00e1cia, Fisioterapia e Gastronomia, al\u00e9m de cursos de p\u00f3s-gradua\u00e7\u00e3o e profissionalizantes.<\/span><\/p>\n<p><span style=\"font-weight: 400;\">\u00a0<\/span><span style=\"font-weight: 400;\">Continuam abertas as inscri\u00e7\u00f5es para cursos de gradua\u00e7\u00e3o, com promo\u00e7\u00e3o de descontos especiais para quem optar por utilizar a Nota obtida no ENEM \u2013 Exame Nacional do Ensino M\u00e9dio. E tamb\u00e9m para quem optar pelo Vestibular on-line 2024.1, com a possibilidade de financiamento de at\u00e9 70 por cento do curso atrav\u00e9s do CredIES. Mais informa\u00e7\u00f5es sobre o regulamento da promo\u00e7\u00e3o atrav\u00e9s do fone (73)2101-1700<\/span><\/p>\n<p><span style=\"font-weight: 400;\">\u00a0<\/span><\/p>\n<p>&nbsp;<\/p>\n","protected":false},"excerpt":{"rendered":"<p>Como parte integrante do Planejamento Pedag\u00f3gico para o semestre letivo 2024.1, a Faculdade de Ilh\u00e9us e a Faculdade Madre Tha\u00eds realizar\u00e3o uma nova edi\u00e7\u00e3o do Programa de Instrumentaliza\u00e7\u00e3o Docente\/Discente (PID), coordenado pelo professor Adailson Miranda, nos pr\u00f3ximos dias 5 e 6 de fevereiro, no audit\u00f3rio Professora Ad\u00e9lia Maria Carvalho de Melo. O planejamento conta com [&hellip;]<\/p>\n","protected":false},"author":3,"featured_media":9012,"comment_status":"closed","ping_status":"closed","sticky":false,"template":"","format":"standard","meta":{"_links_to":"","_links_to_target":""},"categories":[44],"tags":[],"_links":{"self":[{"href":"https:\/\/www.correiodascidades.com.br\/v1\/wp-json\/wp\/v2\/posts\/9011"}],"collection":[{"href":"https:\/\/www.correiodascidades.com.br\/v1\/wp-json\/wp\/v2\/posts"}],"about":[{"href":"https:\/\/www.correiodascidades.com.br\/v1\/wp-json\/wp\/v2\/types\/post"}],"author":[{"embeddable":true,"href":"https:\/\/www.correiodascidades.com.br\/v1\/wp-json\/wp\/v2\/users\/3"}],"replies":[{"embeddable":true,"href":"https:\/\/www.correiodascidades.com.br\/v1\/wp-json\/wp\/v2\/comments?post=9011"}],"version-history":[{"count":1,"href":"https:\/\/www.correiodascidades.com.br\/v1\/wp-json\/wp\/v2\/posts\/9011\/revisions"}],"predecessor-version":[{"id":9013,"href":"https:\/\/www.correiodascidades.com.br\/v1\/wp-json\/wp\/v2\/posts\/9011\/revisions\/9013"}],"wp:featuredmedia":[{"embeddable":true,"href":"https:\/\/www.correiodascidades.com.br\/v1\/wp-json\/wp\/v2\/media\/9012"}],"wp:attachment":[{"href":"https:\/\/www.correiodascidades.com.br\/v1\/wp-json\/wp\/v2\/media?parent=9011"}],"wp:term":[{"taxonomy":"category","embeddable":true,"href":"https:\/\/www.correiodascidades.com.br\/v1\/wp-json\/wp\/v2\/categories?post=9011"},{"taxonomy":"post_tag","embeddable":true,"href":"https:\/\/www.correiodascidades.com.br\/v1\/wp-json\/wp\/v2\/tags?post=9011"}],"curies":[{"name":"wp","href":"https:\/\/api.w.org\/{rel}","templated":true}]}}