{"id":9105,"date":"2024-02-08T21:56:29","date_gmt":"2024-02-09T00:56:29","guid":{"rendered":"https:\/\/www.correiodascidades.com.br\/v1\/?p=9105"},"modified":"2024-02-08T21:56:29","modified_gmt":"2024-02-09T00:56:29","slug":"bolsonaro-e-alvo-de-operacao-da-pf-e-tera-que-entregar-passaporte","status":"publish","type":"post","link":"https:\/\/www.correiodascidades.com.br\/v1\/2024\/02\/08\/bolsonaro-e-alvo-de-operacao-da-pf-e-tera-que-entregar-passaporte\/","title":{"rendered":"Bolsonaro \u00e9 alvo de opera\u00e7\u00e3o da PF e ter\u00e1 que entregar passaporte"},"content":{"rendered":"<p>Felipe Pontes<br \/>\nAg\u00eancia Brasil<\/p>\n<p><img src=\"https:\/\/www.correiodascidades.com.br\/v1\/wp-content\/uploads\/2024\/02\/bolsonaro-ft-valtercamparatoagenciabrasil.jpeg\" \/><\/p>\n<p>O ex-presidente Jair Bolsonaro \u00e9 um dos alvos da Opera\u00e7\u00e3o Tempos Veritatis, deflagrada nesta quinta-feira (8) pela Pol\u00edcia Federal (PF) para investigar a exist\u00eancia de suposta organiza\u00e7\u00e3o criminosa que teria atuado numa tentativa de golpe de Estado.<\/p>\n<p>O ministro Alexandre de Moraes, do Supremo Tribunal Federal (STF), determinou que a PF apreenda o passaporte de Bolsonaro no \u00e2mbito da opera\u00e7\u00e3o. Ordens de pris\u00e3o tamb\u00e9m t\u00eam como alvo assessores diretos do ex-presidente, incluindo militares.<\/p>\n<p>A opera\u00e7\u00e3o \u00e9 deflagrada ap\u00f3s o ex-ajudante de ordens de Bolsonaro, o tenente-coronel Mauro Cid, ter fechado acordo de colabora\u00e7\u00e3o premiada junto a investigadores da PF. O acordo foi enviado \u00e0 Procuradoria-Geral Federal (PGR) e j\u00e1 recebeu a homologa\u00e7\u00e3o pelo STF. <!--more--><\/p>\n<p>Nesta quinta, est\u00e3o sendo cumpridos 33 mandados de busca e apreens\u00e3o e quatro mandados de pris\u00e3o preventiva. Ao todo, s\u00e3o 48 medidas cautelares ordenadas por Moraes, incluindo a proibi\u00e7\u00e3o de os investigados manterem contato ou se ausentarem do pa\u00eds. O prazo para entrega de passaportes \u00e9 de 24 horas.<\/p>\n<p>As medidas judiciais est\u00e3o sendo cumpridas nos seguintes estados: Amazonas, Rio de Janeiro, S\u00e3o Paulo, Minas Gerais, Mato Grosso do Sul, Cear\u00e1, Esp\u00edrito Santo, Paran\u00e1 e Goi\u00e1s, al\u00e9m do Distrito Federal. O Ex\u00e9rcito Brasileiro acompanha o cumprimento de alguns mandados.<\/p>\n<p>\u201cAs apura\u00e7\u00f5es apontam que o grupo investigado se dividiu em n\u00facleos de atua\u00e7\u00e3o para disseminar a ocorr\u00eancia de fraude nas elei\u00e7\u00f5es presidenciais de 2022, antes mesmo da realiza\u00e7\u00e3o do pleito, de modo a viabilizar e legitimar uma interven\u00e7\u00e3o militar, em din\u00e2mica de mil\u00edcia digital\u201d, informou a PF.<\/p>\n","protected":false},"excerpt":{"rendered":"<p>Felipe Pontes Ag\u00eancia Brasil O ex-presidente Jair Bolsonaro \u00e9 um dos alvos da Opera\u00e7\u00e3o Tempos Veritatis, deflagrada nesta quinta-feira (8) pela Pol\u00edcia Federal (PF) para investigar a exist\u00eancia de suposta organiza\u00e7\u00e3o criminosa que teria atuado numa tentativa de golpe de Estado. O ministro Alexandre de Moraes, do Supremo Tribunal Federal (STF), determinou que a PF [&hellip;]<\/p>\n","protected":false},"author":3,"featured_media":9106,"comment_status":"closed","ping_status":"closed","sticky":false,"template":"","format":"standard","meta":{"_links_to":"","_links_to_target":""},"categories":[10],"tags":[],"_links":{"self":[{"href":"https:\/\/www.correiodascidades.com.br\/v1\/wp-json\/wp\/v2\/posts\/9105"}],"collection":[{"href":"https:\/\/www.correiodascidades.com.br\/v1\/wp-json\/wp\/v2\/posts"}],"about":[{"href":"https:\/\/www.correiodascidades.com.br\/v1\/wp-json\/wp\/v2\/types\/post"}],"author":[{"embeddable":true,"href":"https:\/\/www.correiodascidades.com.br\/v1\/wp-json\/wp\/v2\/users\/3"}],"replies":[{"embeddable":true,"href":"https:\/\/www.correiodascidades.com.br\/v1\/wp-json\/wp\/v2\/comments?post=9105"}],"version-history":[{"count":1,"href":"https:\/\/www.correiodascidades.com.br\/v1\/wp-json\/wp\/v2\/posts\/9105\/revisions"}],"predecessor-version":[{"id":9107,"href":"https:\/\/www.correiodascidades.com.br\/v1\/wp-json\/wp\/v2\/posts\/9105\/revisions\/9107"}],"wp:featuredmedia":[{"embeddable":true,"href":"https:\/\/www.correiodascidades.com.br\/v1\/wp-json\/wp\/v2\/media\/9106"}],"wp:attachment":[{"href":"https:\/\/www.correiodascidades.com.br\/v1\/wp-json\/wp\/v2\/media?parent=9105"}],"wp:term":[{"taxonomy":"category","embeddable":true,"href":"https:\/\/www.correiodascidades.com.br\/v1\/wp-json\/wp\/v2\/categories?post=9105"},{"taxonomy":"post_tag","embeddable":true,"href":"https:\/\/www.correiodascidades.com.br\/v1\/wp-json\/wp\/v2\/tags?post=9105"}],"curies":[{"name":"wp","href":"https:\/\/api.w.org\/{rel}","templated":true}]}}