{"id":9159,"date":"2024-02-12T11:11:45","date_gmt":"2024-02-12T14:11:45","guid":{"rendered":"https:\/\/www.correiodascidades.com.br\/v1\/?p=9159"},"modified":"2024-02-12T11:11:45","modified_gmt":"2024-02-12T14:11:45","slug":"energia-eletrica-em-rio-do-braco-e-reestabelecida-e-emasa-volta-operar-depois-de-40-horas-de-paralizacao","status":"publish","type":"post","link":"https:\/\/www.correiodascidades.com.br\/v1\/2024\/02\/12\/energia-eletrica-em-rio-do-braco-e-reestabelecida-e-emasa-volta-operar-depois-de-40-horas-de-paralizacao\/","title":{"rendered":"Energia el\u00e9trica em Rio do Bra\u00e7o \u00e9 reestabelecida e EMASA volta operar depois de 40 horas de paraliza\u00e7\u00e3o"},"content":{"rendered":"<p><img loading=\"lazy\" class=\"\" src=\"https:\/\/www.correiodascidades.com.br\/v1\/wp-content\/uploads\/2024\/02\/a17a4ca5-19af-4354-b7bb-548d83edf3ef-emasa.jpg\" width=\"548\" height=\"365\" \/><\/p>\n<p>Depois de mais de 40 horas, o fornecimento de energia el\u00e9trica na Esta\u00e7\u00e3o de Capta\u00e7\u00e3o de \u00c1gua, da Empresa Municipal de \u00c1guas e Saneamento (EMASA), no distrito de Rio do Bra\u00e7o, em Ilh\u00e9us, foi reestabelecido pela Neoenergia Coelba. Essa paraliza\u00e7\u00e3o afetar\u00e1 o abastecimento de \u00e1gua na cidade, que \u00e9 operado pelo sistema de manobras, esp\u00e9cie de rodizio, principalmente os bairros das zonas sul, norte e leste.<\/p>\n<p>\u201cAssim que a energia foi reestabelecida na esta\u00e7\u00e3o em Rio do Bra\u00e7o, esperamos estabilizar e reiniciamos as opera\u00e7\u00f5es de capta\u00e7\u00e3o de \u00e1gua. A interrup\u00e7\u00e3o aconteceu na madrugada de s\u00e1bado, dia 10, por volta das 4 horas e retornou na noite de ontem, dia 11, \u00e0s 20:35 horas, foi um longo tempo para retornar\u201d, afirmou o gerente T\u00e9cnico da EMASA, Jo\u00e3o Bitencourt.<!--more--><\/p>\n<p>A Neoenergia Coelba divulgou nota na tarde de ontem, dia 11, citando que o fornecimento de energia foi suspenso devido \u00e0 queda de vegeta\u00e7\u00e3o sobre a rede el\u00e9trica. Por causa das fortes chuvas e ventos que atingiram a regi\u00e3o e fizeram com que \u00e1rvores sob a mata fossem projetadas contra os fios de energia, danificando cabos e postes do sistema de distribui\u00e7\u00e3o.<\/p>\n<p>Jo\u00e3o Bitencourt lembrou que o fornecimento de \u00e1gua ser\u00e1 retomado de forma gradual e que todos os esfor\u00e7os ser\u00e3o realizados para minimizar o tempo em que as opera\u00e7\u00f5es da EMASA ficaram paralisadas.<\/p>\n<p>\u201cGradativamente o abastecimento ser\u00e1 normalizado. Mas, \u00e9 importante que todos fa\u00e7am o uso consciente da \u00e1gua, economizando e evitando o desperd\u00edcio\u201d, observou Bitencourt.<\/p>\n","protected":false},"excerpt":{"rendered":"<p>Depois de mais de 40 horas, o fornecimento de energia el\u00e9trica na Esta\u00e7\u00e3o de Capta\u00e7\u00e3o de \u00c1gua, da Empresa Municipal de \u00c1guas e Saneamento (EMASA), no distrito de Rio do Bra\u00e7o, em Ilh\u00e9us, foi reestabelecido pela Neoenergia Coelba. Essa paraliza\u00e7\u00e3o afetar\u00e1 o abastecimento de \u00e1gua na cidade, que \u00e9 operado pelo sistema de manobras, esp\u00e9cie [&hellip;]<\/p>\n","protected":false},"author":3,"featured_media":9160,"comment_status":"closed","ping_status":"closed","sticky":false,"template":"","format":"standard","meta":{"_links_to":"","_links_to_target":""},"categories":[1],"tags":[],"_links":{"self":[{"href":"https:\/\/www.correiodascidades.com.br\/v1\/wp-json\/wp\/v2\/posts\/9159"}],"collection":[{"href":"https:\/\/www.correiodascidades.com.br\/v1\/wp-json\/wp\/v2\/posts"}],"about":[{"href":"https:\/\/www.correiodascidades.com.br\/v1\/wp-json\/wp\/v2\/types\/post"}],"author":[{"embeddable":true,"href":"https:\/\/www.correiodascidades.com.br\/v1\/wp-json\/wp\/v2\/users\/3"}],"replies":[{"embeddable":true,"href":"https:\/\/www.correiodascidades.com.br\/v1\/wp-json\/wp\/v2\/comments?post=9159"}],"version-history":[{"count":1,"href":"https:\/\/www.correiodascidades.com.br\/v1\/wp-json\/wp\/v2\/posts\/9159\/revisions"}],"predecessor-version":[{"id":9161,"href":"https:\/\/www.correiodascidades.com.br\/v1\/wp-json\/wp\/v2\/posts\/9159\/revisions\/9161"}],"wp:featuredmedia":[{"embeddable":true,"href":"https:\/\/www.correiodascidades.com.br\/v1\/wp-json\/wp\/v2\/media\/9160"}],"wp:attachment":[{"href":"https:\/\/www.correiodascidades.com.br\/v1\/wp-json\/wp\/v2\/media?parent=9159"}],"wp:term":[{"taxonomy":"category","embeddable":true,"href":"https:\/\/www.correiodascidades.com.br\/v1\/wp-json\/wp\/v2\/categories?post=9159"},{"taxonomy":"post_tag","embeddable":true,"href":"https:\/\/www.correiodascidades.com.br\/v1\/wp-json\/wp\/v2\/tags?post=9159"}],"curies":[{"name":"wp","href":"https:\/\/api.w.org\/{rel}","templated":true}]}}