{"id":9162,"date":"2024-02-12T11:15:42","date_gmt":"2024-02-12T14:15:42","guid":{"rendered":"https:\/\/www.correiodascidades.com.br\/v1\/?p=9162"},"modified":"2024-02-12T11:15:42","modified_gmt":"2024-02-12T14:15:42","slug":"politica-alexandre-de-moraes-concede-liberdade-provisoria-a-valdemar-costa-neto","status":"publish","type":"post","link":"https:\/\/www.correiodascidades.com.br\/v1\/2024\/02\/12\/politica-alexandre-de-moraes-concede-liberdade-provisoria-a-valdemar-costa-neto\/","title":{"rendered":"POLITICA: Alexandre de Moraes concede liberdade provis\u00f3ria \u00a0a Valdemar Costa Neto"},"content":{"rendered":"<div class=\"entry-header\">\n<h1 class=\"jeg_post_title\"><\/h1>\n<h1 class=\"jeg_post_title\"><a style=\"font-size: 16px;\" href=\"https:\/\/www.jornaldamidia.com.br\/wp-content\/uploads\/2024\/02\/valdemarcostaneto-ft-Marcellocasaljr-agenciabrasil.webp\"><img loading=\"lazy\" class=\" wp-image-356096\" src=\"https:\/\/www.jornaldamidia.com.br\/wp-content\/uploads\/2024\/02\/valdemarcostaneto-ft-Marcellocasaljr-agenciabrasil.webp\" alt=\"\" width=\"532\" height=\"318\" data-pin-no-hover=\"true\" \/><\/a><\/h1>\n<\/div>\n<div class=\"entry-content with-share\">\n<div class=\"content-inner \">\n<h6><span class=\"highlight\"><em>Presidente nacional do PL dever\u00e1 cumprir medidas cautelares \u2013 Foto: Marcello Casal Jr\/Ag\u00eancia Brasil<\/em><\/span><\/h6>\n<p><span class=\"dropcap \">A<\/span>p\u00f3s dois dias preso, o presidente nacional do PL, Valdemar Costa Neto, teve a liberdade provis\u00f3ria concedida pelo ministro do Supremo Tribunal Federal (STF) Alexandre de Moraes. Costa Neto deixar\u00e1 a sede da Pol\u00edcia Federal, em Bras\u00edlia, mas dever\u00e1 cumprir uma s\u00e9rie de medidas cautelares sob a pena de voltar para a pris\u00e3o.<\/p>\n<p>Moraes liberou Costa Neto ap\u00f3s a Procuradoria-Geral da Rep\u00fablica (PGR) emitir parecer pela soltura. A PGR ressaltou a idade de Valdemar, de 74 anos, e a aus\u00eancia de grave amea\u00e7a ou viol\u00eancia para conceder a liberdade.<\/p>\n<p>Na noite de sexta-feira (9), o ministro tinha convertido em preventiva \u2013 sem prazo para acabar \u2013 a pris\u00e3o do presidente nacional do PL, mas tinha pedido manifesta\u00e7\u00e3o da PGR.<\/p>\n<p>Os demais colaboradores do ex-presidente Jair Bolsonaro tiveram a pris\u00e3o mantida. Continuam com pris\u00e3o preventiva decretada o ex-assessor especial de Bolsonaro Filipe Martins Garcia; o coronel do Ex\u00e9rcito Marcelo Costa C\u00e2mara, tamb\u00e9m ex-assessor especial; e o major Rafael Martins de Oliveira.<\/p>\n<h3><strong>Opera\u00e7\u00e3o<\/strong><\/h3>\n<p>Alvo de mandado de busca e apreens\u00e3o da Opera\u00e7\u00e3o Tempus Veritatis (A Hora da Verdade), Costa Neto foi preso em flagrante na manh\u00e3 de quinta-feira (8) porque a Pol\u00edcia Federal (PF) encontrou uma arma sem licen\u00e7a de uso. Horas mais tarde, a PF informou ter encontrado uma pepita de ouro de origem n\u00e3o comprovada com o pol\u00edtico. O crime de usurpa\u00e7\u00e3o mineral \u00e9 inafian\u00e7\u00e1vel.<\/p>\n<p>A defesa de Costa Neto informou que a pepita era de baixo valor e que a posse n\u00e3o configuraria um delito. Em rela\u00e7\u00e3o \u00e0 arma, os advogados afirmaram que ela pertenceria a um parente e estaria registrada.<\/p>\n<p>O advogado Fabio Wajngarten, que representa a defesa do ex-presidente Jair Bolsonaro, escreveu sobre a decis\u00e3o nas redes sociais. \u201cO presidente [nacional do PL] Valdemar acaba de ser solto decorrente de decis\u00e3o do Ministro Alexandre de Moraes. Teve concedida a sua liberdade provis\u00f3ria\u201d, postou Wajngarten na rede social X (antigo Twitter).<\/p>\n<p>A Opera\u00e7\u00e3o Tempus Veritatis investiga uma organiza\u00e7\u00e3o criminosa que teria atuado na tentativa de golpe de Estado.<\/p>\n<p>Ag\u00eancia Brasil<\/p>\n<\/div>\n<\/div>\n","protected":false},"excerpt":{"rendered":"<p>Presidente nacional do PL dever\u00e1 cumprir medidas cautelares \u2013 Foto: Marcello Casal Jr\/Ag\u00eancia Brasil Ap\u00f3s dois dias preso, o presidente nacional do PL, Valdemar Costa Neto, teve a liberdade provis\u00f3ria concedida pelo ministro do Supremo Tribunal Federal (STF) Alexandre de Moraes. Costa Neto deixar\u00e1 a sede da Pol\u00edcia Federal, em Bras\u00edlia, mas dever\u00e1 cumprir uma [&hellip;]<\/p>\n","protected":false},"author":3,"featured_media":9160,"comment_status":"closed","ping_status":"closed","sticky":false,"template":"","format":"standard","meta":{"_links_to":"","_links_to_target":""},"categories":[1],"tags":[],"_links":{"self":[{"href":"https:\/\/www.correiodascidades.com.br\/v1\/wp-json\/wp\/v2\/posts\/9162"}],"collection":[{"href":"https:\/\/www.correiodascidades.com.br\/v1\/wp-json\/wp\/v2\/posts"}],"about":[{"href":"https:\/\/www.correiodascidades.com.br\/v1\/wp-json\/wp\/v2\/types\/post"}],"author":[{"embeddable":true,"href":"https:\/\/www.correiodascidades.com.br\/v1\/wp-json\/wp\/v2\/users\/3"}],"replies":[{"embeddable":true,"href":"https:\/\/www.correiodascidades.com.br\/v1\/wp-json\/wp\/v2\/comments?post=9162"}],"version-history":[{"count":1,"href":"https:\/\/www.correiodascidades.com.br\/v1\/wp-json\/wp\/v2\/posts\/9162\/revisions"}],"predecessor-version":[{"id":9163,"href":"https:\/\/www.correiodascidades.com.br\/v1\/wp-json\/wp\/v2\/posts\/9162\/revisions\/9163"}],"wp:featuredmedia":[{"embeddable":true,"href":"https:\/\/www.correiodascidades.com.br\/v1\/wp-json\/wp\/v2\/media\/9160"}],"wp:attachment":[{"href":"https:\/\/www.correiodascidades.com.br\/v1\/wp-json\/wp\/v2\/media?parent=9162"}],"wp:term":[{"taxonomy":"category","embeddable":true,"href":"https:\/\/www.correiodascidades.com.br\/v1\/wp-json\/wp\/v2\/categories?post=9162"},{"taxonomy":"post_tag","embeddable":true,"href":"https:\/\/www.correiodascidades.com.br\/v1\/wp-json\/wp\/v2\/tags?post=9162"}],"curies":[{"name":"wp","href":"https:\/\/api.w.org\/{rel}","templated":true}]}}