{"id":9164,"date":"2024-02-12T11:56:52","date_gmt":"2024-02-12T14:56:52","guid":{"rendered":"https:\/\/www.correiodascidades.com.br\/v1\/?p=9164"},"modified":"2024-02-12T11:58:05","modified_gmt":"2024-02-12T14:58:05","slug":"ilheus-avenida-ubaitaba-fiacao-em-poste-pega-fogo-e-a-populacao-fica-com-medo","status":"publish","type":"post","link":"https:\/\/www.correiodascidades.com.br\/v1\/2024\/02\/12\/ilheus-avenida-ubaitaba-fiacao-em-poste-pega-fogo-e-a-populacao-fica-com-medo\/","title":{"rendered":"ILH\u00c9US: Avenida Ubaitaba fia\u00e7\u00e3o em poste pega fogo e a popula\u00e7\u00e3o fica com medo."},"content":{"rendered":"<p>As refer\u00eancias do video est\u00e3o em Valney Nepomuceno<\/p>\n<p><iframe loading=\"lazy\" title=\"WhatsApp Video 2024 02 12 at 07 50 13 1\" width=\"500\" height=\"281\" src=\"https:\/\/www.youtube.com\/embed\/mHJo-J4HfYE?feature=oembed\" frameborder=\"0\" allow=\"accelerometer; autoplay; clipboard-write; encrypted-media; gyroscope; picture-in-picture; web-share\" allowfullscreen><\/iframe><\/p>\n<p>Na manh\u00e3 desta segunda feira (12) de fevereiro, a avenida Ubaitaba passou por um problema de curto circuito, o que levou a fia\u00e7\u00e3o dos postes queimarem.<\/p>\n<p>Toda fia\u00e7\u00e3o pegou fogo em uma metragem de v\u00e1rios quarteir\u00f5es de ruas. O povo correu para n\u00e3o serem queimados, carros foram abandonados em alguns locais uma situa\u00e7\u00e3o que chamou aten\u00e7\u00e3o de todos.<\/p>\n<p>A Coelba companhia respons\u00e1vel foi acionada para verificar o problema, por\u00e9m n\u00e3o se pronunciou ainda sobre o assunto.<\/p>\n","protected":false},"excerpt":{"rendered":"<p>As refer\u00eancias do video est\u00e3o em Valney Nepomuceno Na manh\u00e3 desta segunda feira (12) de fevereiro, a avenida Ubaitaba passou por um problema de curto circuito, o que levou a fia\u00e7\u00e3o dos postes queimarem. Toda fia\u00e7\u00e3o pegou fogo em uma metragem de v\u00e1rios quarteir\u00f5es de ruas. O povo correu para n\u00e3o serem queimados, carros foram [&hellip;]<\/p>\n","protected":false},"author":3,"featured_media":9166,"comment_status":"closed","ping_status":"closed","sticky":false,"template":"","format":"standard","meta":{"_links_to":"","_links_to_target":""},"categories":[1],"tags":[],"_links":{"self":[{"href":"https:\/\/www.correiodascidades.com.br\/v1\/wp-json\/wp\/v2\/posts\/9164"}],"collection":[{"href":"https:\/\/www.correiodascidades.com.br\/v1\/wp-json\/wp\/v2\/posts"}],"about":[{"href":"https:\/\/www.correiodascidades.com.br\/v1\/wp-json\/wp\/v2\/types\/post"}],"author":[{"embeddable":true,"href":"https:\/\/www.correiodascidades.com.br\/v1\/wp-json\/wp\/v2\/users\/3"}],"replies":[{"embeddable":true,"href":"https:\/\/www.correiodascidades.com.br\/v1\/wp-json\/wp\/v2\/comments?post=9164"}],"version-history":[{"count":3,"href":"https:\/\/www.correiodascidades.com.br\/v1\/wp-json\/wp\/v2\/posts\/9164\/revisions"}],"predecessor-version":[{"id":9169,"href":"https:\/\/www.correiodascidades.com.br\/v1\/wp-json\/wp\/v2\/posts\/9164\/revisions\/9169"}],"wp:featuredmedia":[{"embeddable":true,"href":"https:\/\/www.correiodascidades.com.br\/v1\/wp-json\/wp\/v2\/media\/9166"}],"wp:attachment":[{"href":"https:\/\/www.correiodascidades.com.br\/v1\/wp-json\/wp\/v2\/media?parent=9164"}],"wp:term":[{"taxonomy":"category","embeddable":true,"href":"https:\/\/www.correiodascidades.com.br\/v1\/wp-json\/wp\/v2\/categories?post=9164"},{"taxonomy":"post_tag","embeddable":true,"href":"https:\/\/www.correiodascidades.com.br\/v1\/wp-json\/wp\/v2\/tags?post=9164"}],"curies":[{"name":"wp","href":"https:\/\/api.w.org\/{rel}","templated":true}]}}