{"id":9170,"date":"2024-02-12T15:21:50","date_gmt":"2024-02-12T18:21:50","guid":{"rendered":"https:\/\/www.correiodascidades.com.br\/v1\/?p=9170"},"modified":"2024-02-12T15:21:50","modified_gmt":"2024-02-12T18:21:50","slug":"audio-jeronimo-rodrigues-autoriza-construcao-de-novo-terminal-rodoviario-em-teixeira-de-freitas","status":"publish","type":"post","link":"https:\/\/www.correiodascidades.com.br\/v1\/2024\/02\/12\/audio-jeronimo-rodrigues-autoriza-construcao-de-novo-terminal-rodoviario-em-teixeira-de-freitas\/","title":{"rendered":"\u00c1UDIO: Jer\u00f4nimo Rodrigues autoriza constru\u00e7\u00e3o de novo Terminal Rodovi\u00e1rio em Teixeira de Freitas"},"content":{"rendered":"<p><img loading=\"lazy\" class=\"\" src=\"https:\/\/www.correiodascidades.com.br\/v1\/wp-content\/uploads\/2024\/02\/e2abfa58-dfb2-4ae7-9c4e-b270cd13cccd-maquinas-trabalhando.jpg\" width=\"444\" height=\"296\" \/><\/p>\n<p>Na manh\u00e3 desta segunda-feira (12), o governador Jer\u00f4nimo Rodrigues deu uma pausa na agenda de carnaval, para se dedicar a uma s\u00e9rie de compromissos no extremo sul do estado. Em Teixeira de Freitas, o chefe do executivo baiano assinou a ordem de servi\u00e7o que marca o in\u00edcio da constru\u00e7\u00e3o do novo Terminal Rodovi\u00e1rio no munic\u00edpio.\u00a0 Localizado \u00e0s margens da BR 101, com uma \u00e1rea total de 11,5 mil metros quadrados, o projeto do novo Terminal Rodovi\u00e1rio contempla uma s\u00e9rie de interven\u00e7\u00f5es t\u00e9cnicas e modernas. O governador pontuou que a escolha do local para a constru\u00e7\u00e3o do novo equipamento contou com a participa\u00e7\u00e3o da administra\u00e7\u00e3o do munic\u00edpio e destacou as fases da obra. Ap\u00f3s a assinatura em Teixeira de Freitas, Jer\u00f4nimo Rodrigues visita \u00e1reas afetas pelas chuvas no munic\u00edpio de Medeiros Neto, tamb\u00e9m no extremo sul baiano.<\/p>\n","protected":false},"excerpt":{"rendered":"<p>Na manh\u00e3 desta segunda-feira (12), o governador Jer\u00f4nimo Rodrigues deu uma pausa na agenda de carnaval, para se dedicar a uma s\u00e9rie de compromissos no extremo sul do estado. Em Teixeira de Freitas, o chefe do executivo baiano assinou a ordem de servi\u00e7o que marca o in\u00edcio da constru\u00e7\u00e3o do novo Terminal Rodovi\u00e1rio no munic\u00edpio.\u00a0 [&hellip;]<\/p>\n","protected":false},"author":3,"featured_media":9171,"comment_status":"closed","ping_status":"closed","sticky":false,"template":"","format":"standard","meta":{"_links_to":"","_links_to_target":""},"categories":[38],"tags":[],"_links":{"self":[{"href":"https:\/\/www.correiodascidades.com.br\/v1\/wp-json\/wp\/v2\/posts\/9170"}],"collection":[{"href":"https:\/\/www.correiodascidades.com.br\/v1\/wp-json\/wp\/v2\/posts"}],"about":[{"href":"https:\/\/www.correiodascidades.com.br\/v1\/wp-json\/wp\/v2\/types\/post"}],"author":[{"embeddable":true,"href":"https:\/\/www.correiodascidades.com.br\/v1\/wp-json\/wp\/v2\/users\/3"}],"replies":[{"embeddable":true,"href":"https:\/\/www.correiodascidades.com.br\/v1\/wp-json\/wp\/v2\/comments?post=9170"}],"version-history":[{"count":1,"href":"https:\/\/www.correiodascidades.com.br\/v1\/wp-json\/wp\/v2\/posts\/9170\/revisions"}],"predecessor-version":[{"id":9172,"href":"https:\/\/www.correiodascidades.com.br\/v1\/wp-json\/wp\/v2\/posts\/9170\/revisions\/9172"}],"wp:featuredmedia":[{"embeddable":true,"href":"https:\/\/www.correiodascidades.com.br\/v1\/wp-json\/wp\/v2\/media\/9171"}],"wp:attachment":[{"href":"https:\/\/www.correiodascidades.com.br\/v1\/wp-json\/wp\/v2\/media?parent=9170"}],"wp:term":[{"taxonomy":"category","embeddable":true,"href":"https:\/\/www.correiodascidades.com.br\/v1\/wp-json\/wp\/v2\/categories?post=9170"},{"taxonomy":"post_tag","embeddable":true,"href":"https:\/\/www.correiodascidades.com.br\/v1\/wp-json\/wp\/v2\/tags?post=9170"}],"curies":[{"name":"wp","href":"https:\/\/api.w.org\/{rel}","templated":true}]}}