{"id":9183,"date":"2024-02-12T21:29:45","date_gmt":"2024-02-13T00:29:45","guid":{"rendered":"https:\/\/www.correiodascidades.com.br\/v1\/?p=9183"},"modified":"2024-02-12T21:57:56","modified_gmt":"2024-02-13T00:57:56","slug":"bloco-20-te-comer-teve-a-participacao-do-pre-candidato-a-prefeito-augustao","status":"publish","type":"post","link":"https:\/\/www.correiodascidades.com.br\/v1\/2024\/02\/12\/bloco-20-te-comer-teve-a-participacao-do-pre-candidato-a-prefeito-augustao\/","title":{"rendered":"Bloco 20 Te Comer teve a participa\u00e7\u00e3o do Pr\u00e9 candidato a Prefeito August\u00e3o"},"content":{"rendered":"<p><img loading=\"lazy\" class=\"alignnone wp-image-9184\" src=\"https:\/\/www.correiodascidades.com.br\/v1\/wp-content\/uploads\/2024\/02\/ddebb30d-8f9b-4011-ae0a-8faa133345c9.jpg\" alt=\"\" width=\"263\" height=\"263\" srcset=\"https:\/\/www.correiodascidades.com.br\/v1\/wp-content\/uploads\/2024\/02\/ddebb30d-8f9b-4011-ae0a-8faa133345c9.jpg 400w, https:\/\/www.correiodascidades.com.br\/v1\/wp-content\/uploads\/2024\/02\/ddebb30d-8f9b-4011-ae0a-8faa133345c9-300x300.jpg 300w, https:\/\/www.correiodascidades.com.br\/v1\/wp-content\/uploads\/2024\/02\/ddebb30d-8f9b-4011-ae0a-8faa133345c9-150x150.jpg 150w\" sizes=\"(max-width: 263px) 100vw, 263px\" \/><\/p>\n<p>O Bloco 20 Te Comer da Avenida Princesa Isabel fez a festa com participa\u00e7\u00e3o do Vereador August\u00e3o<\/p>\n<p>Na tarde deste domingo (11), o Bloco que h\u00e1 v\u00e1rios anos faz a alegria e promove a festa do povo da Avenida Princesa Isabel e adjac\u00eancias, denominado Vinte Comer, deu o tom da beleza e da anima\u00e7\u00e3o nas ruas de Ilh\u00e9us.<\/p>\n<p>O Bloco tem sua sede localizada na rua principal do bairro onde os associados se re\u00fanem com amigos para comerem um tradicional feij\u00e3o aos domingos.<\/p>\n<p>A coisa tomou uma propor\u00e7\u00e3o gigante, aponto de o feij\u00e3o ser transformado em Bloco carnavalesco tamb\u00e9m.<\/p>\n<p>A quem diga que no passado o mesmo j\u00e1 foi Bloco carnavalesco mas que agora este voltou as suas origens.<\/p>\n<p>O fato \u00e9 que alegria tomou conta de todos, a participa\u00e7\u00e3o do Vereador August\u00e3o foi de fundamental import\u00e2ncia para a realiza\u00e7\u00e3o do evento. August\u00e3o foi uma esp\u00e9cie de padrinho maior, dado a sua boa amizade com todos os diretores e pessoas envolvidas no projeto.\u00a0 <img loading=\"lazy\" class=\"\" src=\"https:\/\/www.correiodascidades.com.br\/v1\/wp-content\/uploads\/2024\/02\/1dd7bbe6-45c6-4328-86e2-a3ca8358a137-valde-2-300x300.jpeg\" width=\"388\" height=\"388\" \/><\/p>\n<p>August\u00e3o vestiu a camisa e caiu na folia, levando tamb\u00e9m a sua fam\u00edlia. A dire\u00e7\u00e3o do bloco agradeceu a presen\u00e7a do Vereador e claro do apoio\u00a0 e se disseram felizes em tudo por tudo.<\/p>\n<p>Valderico J\u00fanior tamb\u00e9m paticipou, estava l\u00e1 presente.<\/p>\n<p>&nbsp;<\/p>\n<p>&nbsp;<\/p>\n","protected":false},"excerpt":{"rendered":"<p>O Bloco 20 Te Comer da Avenida Princesa Isabel fez a festa com participa\u00e7\u00e3o do Vereador August\u00e3o Na tarde deste domingo (11), o Bloco que h\u00e1 v\u00e1rios anos faz a alegria e promove a festa do povo da Avenida Princesa Isabel e adjac\u00eancias, denominado Vinte Comer, deu o tom da beleza e da anima\u00e7\u00e3o nas [&hellip;]<\/p>\n","protected":false},"author":3,"featured_media":9184,"comment_status":"closed","ping_status":"closed","sticky":false,"template":"","format":"standard","meta":{"_links_to":"","_links_to_target":""},"categories":[1],"tags":[],"_links":{"self":[{"href":"https:\/\/www.correiodascidades.com.br\/v1\/wp-json\/wp\/v2\/posts\/9183"}],"collection":[{"href":"https:\/\/www.correiodascidades.com.br\/v1\/wp-json\/wp\/v2\/posts"}],"about":[{"href":"https:\/\/www.correiodascidades.com.br\/v1\/wp-json\/wp\/v2\/types\/post"}],"author":[{"embeddable":true,"href":"https:\/\/www.correiodascidades.com.br\/v1\/wp-json\/wp\/v2\/users\/3"}],"replies":[{"embeddable":true,"href":"https:\/\/www.correiodascidades.com.br\/v1\/wp-json\/wp\/v2\/comments?post=9183"}],"version-history":[{"count":5,"href":"https:\/\/www.correiodascidades.com.br\/v1\/wp-json\/wp\/v2\/posts\/9183\/revisions"}],"predecessor-version":[{"id":9190,"href":"https:\/\/www.correiodascidades.com.br\/v1\/wp-json\/wp\/v2\/posts\/9183\/revisions\/9190"}],"wp:featuredmedia":[{"embeddable":true,"href":"https:\/\/www.correiodascidades.com.br\/v1\/wp-json\/wp\/v2\/media\/9184"}],"wp:attachment":[{"href":"https:\/\/www.correiodascidades.com.br\/v1\/wp-json\/wp\/v2\/media?parent=9183"}],"wp:term":[{"taxonomy":"category","embeddable":true,"href":"https:\/\/www.correiodascidades.com.br\/v1\/wp-json\/wp\/v2\/categories?post=9183"},{"taxonomy":"post_tag","embeddable":true,"href":"https:\/\/www.correiodascidades.com.br\/v1\/wp-json\/wp\/v2\/tags?post=9183"}],"curies":[{"name":"wp","href":"https:\/\/api.w.org\/{rel}","templated":true}]}}