{"id":9261,"date":"2024-02-16T06:57:12","date_gmt":"2024-02-16T09:57:12","guid":{"rendered":"https:\/\/www.correiodascidades.com.br\/v1\/?p=9261"},"modified":"2024-02-16T06:57:12","modified_gmt":"2024-02-16T09:57:12","slug":"mulher-e-presa-em-flagrante-por-injuria-racial-na-barra","status":"publish","type":"post","link":"https:\/\/www.correiodascidades.com.br\/v1\/2024\/02\/16\/mulher-e-presa-em-flagrante-por-injuria-racial-na-barra\/","title":{"rendered":"Mulher \u00e9 presa em flagrante por injuria racial na Barra"},"content":{"rendered":"<h1><img loading=\"lazy\" class=\"\" src=\"https:\/\/www.correiodascidades.com.br\/v1\/wp-content\/uploads\/2024\/02\/thumb_17078436422ce3c023adab4d389c2acdfdd0e669d1.jpg\" width=\"379\" height=\"252\" \/><\/h1>\n<h1 id=\"story_title\"><span style=\"font-size: 16px;\">Uma mulher, acusada de chamar outra mulher de \u2018macaca\u2019, foi presa em flagrante na noite de segunda-feira (12), no circuito da Barra, por policiais da Coordena\u00e7\u00e3o Especializada de Repress\u00e3o aos Crimes de Intoler\u00e2ncia e Discrimina\u00e7\u00e3o (Coercid) durante plant\u00e3o no Servi\u00e7o Especializado de Respeito a Grupos Vulnerabilizados e V\u00edtimas de Intoler\u00e2ncia e Racismo (Servvir), localizado no Shopping Barra.\u00a0<\/span><!--more--><\/h1>\n<div>Conforme informa\u00e7\u00f5es, os policiais foram procurados pela v\u00edtima que relatou que estava pr\u00f3ximo um hotel, quando a mulher desferiu palavras de cunho racista e tamb\u00e9m ofendendo a dignidade. Durante a dilig\u00eancia, a acusada foi identificada encaminhada para a unidade policial\u00a0 junto com as testemunhas.<\/div>\n<div><\/div>\n<div>Ele foi autuada em flagrante por inj\u00faria racial e segue custodiada \u00e0 disposi\u00e7\u00e3o do Poder Judici\u00e1rio. Localizados no estacionamento do Shopping Barra, na Ladeira da Montanha, no Passeio P\u00fablico e na Avenida Milton Santos, em Ondina, os postos do SERVVIR estar\u00e3o dispon\u00edveis para atender v\u00edtimas de crimes de racismo, intoler\u00e2ncia religiosa, LGBTfobia e pessoas com defici\u00eancia, durante o Carnaval.<\/div>\n","protected":false},"excerpt":{"rendered":"<p>Uma mulher, acusada de chamar outra mulher de \u2018macaca\u2019, foi presa em flagrante na noite de segunda-feira (12), no circuito da Barra, por policiais da Coordena\u00e7\u00e3o Especializada de Repress\u00e3o aos Crimes de Intoler\u00e2ncia e Discrimina\u00e7\u00e3o (Coercid) durante plant\u00e3o no Servi\u00e7o Especializado de Respeito a Grupos Vulnerabilizados e V\u00edtimas de Intoler\u00e2ncia e Racismo (Servvir), localizado no [&hellip;]<\/p>\n","protected":false},"author":3,"featured_media":9263,"comment_status":"closed","ping_status":"closed","sticky":false,"template":"","format":"standard","meta":{"_links_to":"","_links_to_target":""},"categories":[1],"tags":[],"_links":{"self":[{"href":"https:\/\/www.correiodascidades.com.br\/v1\/wp-json\/wp\/v2\/posts\/9261"}],"collection":[{"href":"https:\/\/www.correiodascidades.com.br\/v1\/wp-json\/wp\/v2\/posts"}],"about":[{"href":"https:\/\/www.correiodascidades.com.br\/v1\/wp-json\/wp\/v2\/types\/post"}],"author":[{"embeddable":true,"href":"https:\/\/www.correiodascidades.com.br\/v1\/wp-json\/wp\/v2\/users\/3"}],"replies":[{"embeddable":true,"href":"https:\/\/www.correiodascidades.com.br\/v1\/wp-json\/wp\/v2\/comments?post=9261"}],"version-history":[{"count":1,"href":"https:\/\/www.correiodascidades.com.br\/v1\/wp-json\/wp\/v2\/posts\/9261\/revisions"}],"predecessor-version":[{"id":9264,"href":"https:\/\/www.correiodascidades.com.br\/v1\/wp-json\/wp\/v2\/posts\/9261\/revisions\/9264"}],"wp:featuredmedia":[{"embeddable":true,"href":"https:\/\/www.correiodascidades.com.br\/v1\/wp-json\/wp\/v2\/media\/9263"}],"wp:attachment":[{"href":"https:\/\/www.correiodascidades.com.br\/v1\/wp-json\/wp\/v2\/media?parent=9261"}],"wp:term":[{"taxonomy":"category","embeddable":true,"href":"https:\/\/www.correiodascidades.com.br\/v1\/wp-json\/wp\/v2\/categories?post=9261"},{"taxonomy":"post_tag","embeddable":true,"href":"https:\/\/www.correiodascidades.com.br\/v1\/wp-json\/wp\/v2\/tags?post=9261"}],"curies":[{"name":"wp","href":"https:\/\/api.w.org\/{rel}","templated":true}]}}