{"id":9369,"date":"2024-02-21T13:10:08","date_gmt":"2024-02-21T16:10:08","guid":{"rendered":"https:\/\/www.correiodascidades.com.br\/v1\/?p=9369"},"modified":"2024-02-21T13:10:08","modified_gmt":"2024-02-21T16:10:08","slug":"vento-forte-arrancou-telhado-de-casas-na-cidade-de-ilheus","status":"publish","type":"post","link":"https:\/\/www.correiodascidades.com.br\/v1\/2024\/02\/21\/vento-forte-arrancou-telhado-de-casas-na-cidade-de-ilheus\/","title":{"rendered":"Vento forte arrancou telhado de casas na cidade de Ilh\u00e9us."},"content":{"rendered":"<p><img loading=\"lazy\" class=\"\" src=\"https:\/\/www.correiodascidades.com.br\/v1\/wp-content\/uploads\/2024\/02\/57364883-e1ac-4131-994f-c598ec86dbca.jpg\" width=\"378\" height=\"504\" \/><\/p>\n<p>As fortes chuvas que ca\u00edram na noite desta ter\u00e7a-feira, arrancaram v\u00e1rios telhados de casas na cidade.<\/p>\n<p>Foi assim no Alto da Soledade e em outros locais.<\/p>\n","protected":false},"excerpt":{"rendered":"<p>As fortes chuvas que ca\u00edram na noite desta ter\u00e7a-feira, arrancaram v\u00e1rios telhados de casas na cidade. Foi assim no Alto da Soledade e em outros locais.<\/p>\n","protected":false},"author":3,"featured_media":9370,"comment_status":"closed","ping_status":"closed","sticky":false,"template":"","format":"standard","meta":{"_links_to":"","_links_to_target":""},"categories":[1],"tags":[],"_links":{"self":[{"href":"https:\/\/www.correiodascidades.com.br\/v1\/wp-json\/wp\/v2\/posts\/9369"}],"collection":[{"href":"https:\/\/www.correiodascidades.com.br\/v1\/wp-json\/wp\/v2\/posts"}],"about":[{"href":"https:\/\/www.correiodascidades.com.br\/v1\/wp-json\/wp\/v2\/types\/post"}],"author":[{"embeddable":true,"href":"https:\/\/www.correiodascidades.com.br\/v1\/wp-json\/wp\/v2\/users\/3"}],"replies":[{"embeddable":true,"href":"https:\/\/www.correiodascidades.com.br\/v1\/wp-json\/wp\/v2\/comments?post=9369"}],"version-history":[{"count":1,"href":"https:\/\/www.correiodascidades.com.br\/v1\/wp-json\/wp\/v2\/posts\/9369\/revisions"}],"predecessor-version":[{"id":9371,"href":"https:\/\/www.correiodascidades.com.br\/v1\/wp-json\/wp\/v2\/posts\/9369\/revisions\/9371"}],"wp:featuredmedia":[{"embeddable":true,"href":"https:\/\/www.correiodascidades.com.br\/v1\/wp-json\/wp\/v2\/media\/9370"}],"wp:attachment":[{"href":"https:\/\/www.correiodascidades.com.br\/v1\/wp-json\/wp\/v2\/media?parent=9369"}],"wp:term":[{"taxonomy":"category","embeddable":true,"href":"https:\/\/www.correiodascidades.com.br\/v1\/wp-json\/wp\/v2\/categories?post=9369"},{"taxonomy":"post_tag","embeddable":true,"href":"https:\/\/www.correiodascidades.com.br\/v1\/wp-json\/wp\/v2\/tags?post=9369"}],"curies":[{"name":"wp","href":"https:\/\/api.w.org\/{rel}","templated":true}]}}