{"id":9384,"date":"2024-02-21T23:31:49","date_gmt":"2024-02-22T02:31:49","guid":{"rendered":"https:\/\/www.correiodascidades.com.br\/v1\/?p=9384"},"modified":"2024-02-21T23:49:41","modified_gmt":"2024-02-22T02:49:41","slug":"mulher-passa-mal-dentro-da-receita-federal-ilheus","status":"publish","type":"post","link":"https:\/\/www.correiodascidades.com.br\/v1\/2024\/02\/21\/mulher-passa-mal-dentro-da-receita-federal-ilheus\/","title":{"rendered":"Mulher passa mal dentro da receita Federal Ilh\u00e9us"},"content":{"rendered":"<p><img src=\"https:\/\/www.correiodascidades.com.br\/v1\/wp-content\/uploads\/2024\/02\/1dc81da5-ae1d-4839-baf9-76dabc3cc214-mulher.jpg\" \/><\/p>\n<p>Uma senhora que n\u00e3o teve o nome identificado, passou mal na manh\u00e3 desta quarta feira 21 dentro da institui\u00e7\u00e3o Federal, conhecida como Receita Federal.<\/p>\n<p>A mulher estava ao lado de um homem que o acompanhava quando derrepente caiu de ondeestava sentada e ficou desacordada por alguns minutos, com a queda, a mulher convulsionou e precisou de ajuda.<\/p>\n<p>Os funcion\u00e1rios da institui\u00e7\u00e3o prestaram socorro a mulher, mesmo n\u00e3o tendo eles nenhum princ\u00edpio ou base de forma\u00e7\u00e3o de sa\u00fade p\u00fablica, por\u00e9m, a ajuda foi suficiente para ela se refazer depois de vinte minutos e se levantar.<\/p>\n<p>Lamentamos o fato, e condenamos a postura do (SAMU), servi\u00e7o m\u00e9dico de Urg\u00eancia, que ao ser acionado informaram que n\u00e3o tinha uma unidade m\u00f3vel, \u201cambul\u00e2ncia\u201d \u00e0s oito horas da manh\u00e3 de um dia de semana sem movimento na cidade. A resposta foi, estamos sem ambul\u00e2ncia!<\/p>\n<p>Ora, se todas as viaturas est\u00e3o na rua, ou se todas est\u00e3o quebradas, ou nas oficinas, para que os funcion\u00e1rios est\u00e3o l\u00e1 se n\u00e3o tem carro para trabalhar?\u00a0 Nada justifica n\u00e3o ter viaturas, o carnaval a cabou, as festas tamb\u00e9m, enfim.<!--more--><\/p>\n<p>O Samu \u00e9 servi\u00e7o de Atendimento de Urg\u00eancia para isso, tem que ter as ambul\u00e2ncias se n\u00e3o tem \u00e9 bem melhor que fechem as portas e v\u00e3o para suas casas pois a sociedade n\u00e3o ter\u00e1 custo de uma institui\u00e7\u00e3o que se quer tem um carro para servir.<\/p>\n<p>O secret\u00e1rio de Sa\u00fade da cidade de Ilh\u00e9us Sr. Eduardo Nora, deve explicar tal atitude e dizer o que de fato est\u00e1 acontecendo. Por que o servi\u00e7o \u00e9 negado na maioria das vezes para os cidad\u00e3os de bem?<\/p>\n<p>Fica a pergunta?<\/p>\n<p>Vale lembrar que negar socorro as pessoas \u00e9 no m\u00ednimo negligenciar e se comprometer com o crime. O profissional que assim age deve responder por omiss\u00e3o de socorro. E o CREMEBE tem que ser acionado. Aten\u00e7\u00e3o popula\u00e7\u00e3o.<\/p>\n<p>A sociedade de Ilh\u00e9us parabeniza os funcion\u00e1rios da Receita Federal pelo ato de Civismo, pela empatia, e pelo cora\u00e7\u00e3o humano.<\/p>\n<p>&nbsp;<\/p>\n<p>&nbsp;<\/p>\n<p>&nbsp;<\/p>\n<p>&nbsp;<\/p>\n<p>&nbsp;<\/p>\n<p>&nbsp;<\/p>\n","protected":false},"excerpt":{"rendered":"<p>Uma senhora que n\u00e3o teve o nome identificado, passou mal na manh\u00e3 desta quarta feira 21 dentro da institui\u00e7\u00e3o Federal, conhecida como Receita Federal. A mulher estava ao lado de um homem que o acompanhava quando derrepente caiu de ondeestava sentada e ficou desacordada por alguns minutos, com a queda, a mulher convulsionou e precisou [&hellip;]<\/p>\n","protected":false},"author":3,"featured_media":9385,"comment_status":"closed","ping_status":"closed","sticky":false,"template":"","format":"standard","meta":{"_links_to":"","_links_to_target":""},"categories":[1],"tags":[],"_links":{"self":[{"href":"https:\/\/www.correiodascidades.com.br\/v1\/wp-json\/wp\/v2\/posts\/9384"}],"collection":[{"href":"https:\/\/www.correiodascidades.com.br\/v1\/wp-json\/wp\/v2\/posts"}],"about":[{"href":"https:\/\/www.correiodascidades.com.br\/v1\/wp-json\/wp\/v2\/types\/post"}],"author":[{"embeddable":true,"href":"https:\/\/www.correiodascidades.com.br\/v1\/wp-json\/wp\/v2\/users\/3"}],"replies":[{"embeddable":true,"href":"https:\/\/www.correiodascidades.com.br\/v1\/wp-json\/wp\/v2\/comments?post=9384"}],"version-history":[{"count":5,"href":"https:\/\/www.correiodascidades.com.br\/v1\/wp-json\/wp\/v2\/posts\/9384\/revisions"}],"predecessor-version":[{"id":9390,"href":"https:\/\/www.correiodascidades.com.br\/v1\/wp-json\/wp\/v2\/posts\/9384\/revisions\/9390"}],"wp:featuredmedia":[{"embeddable":true,"href":"https:\/\/www.correiodascidades.com.br\/v1\/wp-json\/wp\/v2\/media\/9385"}],"wp:attachment":[{"href":"https:\/\/www.correiodascidades.com.br\/v1\/wp-json\/wp\/v2\/media?parent=9384"}],"wp:term":[{"taxonomy":"category","embeddable":true,"href":"https:\/\/www.correiodascidades.com.br\/v1\/wp-json\/wp\/v2\/categories?post=9384"},{"taxonomy":"post_tag","embeddable":true,"href":"https:\/\/www.correiodascidades.com.br\/v1\/wp-json\/wp\/v2\/tags?post=9384"}],"curies":[{"name":"wp","href":"https:\/\/api.w.org\/{rel}","templated":true}]}}