{"id":9456,"date":"2024-02-25T15:49:27","date_gmt":"2024-02-25T18:49:27","guid":{"rendered":"https:\/\/www.correiodascidades.com.br\/v1\/?p=9456"},"modified":"2024-02-25T15:50:01","modified_gmt":"2024-02-25T18:50:01","slug":"mulher-e-presa-em-feira-de-santana-por-carcere-privado","status":"publish","type":"post","link":"https:\/\/www.correiodascidades.com.br\/v1\/2024\/02\/25\/mulher-e-presa-em-feira-de-santana-por-carcere-privado\/","title":{"rendered":"Mulher \u00e9 presa em Feira de Santana por c\u00e1rcere privado"},"content":{"rendered":"<h1 id=\"story_title\"><img loading=\"lazy\" class=\"\" src=\"https:\/\/www.correiodascidades.com.br\/v1\/wp-content\/uploads\/2024\/02\/thumb_1708799223Foto9-mulher.jpeg\" width=\"438\" height=\"291\" \/><\/h1>\n<div id=\"story_text\">\n<div>Uma mulher, de 23 anos, foi presa pelo crime de c\u00e1rcere privado. Ela foi localizada na sexta-feira (23), em seu local de trabalho no bairro Fraternidade, por investigadores da 1\u00aa Delegacia Territorial (DT) de Feira de Santana.<\/div>\n<\/div>\n<p><!--more--><\/p>\n<div>A suspeita estava mantendo em c\u00e1rcere h\u00e1 sete dias uma jovem de 18 anos, com quem teve um relacionamento durante um ano e meio. A v\u00edtima, resgatada pelos policiais em uma casa naquele bairro, saiu da cidade de Santa B\u00e1rbara no \u00faltimo dia 17 e estava sendo amea\u00e7ada de morte pela mulher.<\/div>\n<div><\/div>\n<div>&#8220;Ela informou em depoimento que foi obrigada a manter rela\u00e7\u00e3o sexual com a autora e chegou a ser lesionada pela mulher com uma faca&#8221;, destacou o delegado Jo\u00e3o Uzzum, da 1\u00aa DT\/Feira de Santana.<\/div>\n<div><\/div>\n<div>A suspeita foi submetida ao exame de les\u00f5es corporais e est\u00e1 custodiada no Complexo de Delegacias do Sobradinho, aguardando pela audi\u00eancia de cust\u00f3dia. A v\u00edtima foi submetida aos exames periciais e j\u00e1 est\u00e1 sob os cuidados da fam\u00edlia.<\/div>\n","protected":false},"excerpt":{"rendered":"<p>Uma mulher, de 23 anos, foi presa pelo crime de c\u00e1rcere privado. Ela foi localizada na sexta-feira (23), em seu local de trabalho no bairro Fraternidade, por investigadores da 1\u00aa Delegacia Territorial (DT) de Feira de Santana.<\/p>\n","protected":false},"author":3,"featured_media":9460,"comment_status":"closed","ping_status":"closed","sticky":false,"template":"","format":"standard","meta":{"_links_to":"","_links_to_target":""},"categories":[2],"tags":[],"_links":{"self":[{"href":"https:\/\/www.correiodascidades.com.br\/v1\/wp-json\/wp\/v2\/posts\/9456"}],"collection":[{"href":"https:\/\/www.correiodascidades.com.br\/v1\/wp-json\/wp\/v2\/posts"}],"about":[{"href":"https:\/\/www.correiodascidades.com.br\/v1\/wp-json\/wp\/v2\/types\/post"}],"author":[{"embeddable":true,"href":"https:\/\/www.correiodascidades.com.br\/v1\/wp-json\/wp\/v2\/users\/3"}],"replies":[{"embeddable":true,"href":"https:\/\/www.correiodascidades.com.br\/v1\/wp-json\/wp\/v2\/comments?post=9456"}],"version-history":[{"count":2,"href":"https:\/\/www.correiodascidades.com.br\/v1\/wp-json\/wp\/v2\/posts\/9456\/revisions"}],"predecessor-version":[{"id":9462,"href":"https:\/\/www.correiodascidades.com.br\/v1\/wp-json\/wp\/v2\/posts\/9456\/revisions\/9462"}],"wp:featuredmedia":[{"embeddable":true,"href":"https:\/\/www.correiodascidades.com.br\/v1\/wp-json\/wp\/v2\/media\/9460"}],"wp:attachment":[{"href":"https:\/\/www.correiodascidades.com.br\/v1\/wp-json\/wp\/v2\/media?parent=9456"}],"wp:term":[{"taxonomy":"category","embeddable":true,"href":"https:\/\/www.correiodascidades.com.br\/v1\/wp-json\/wp\/v2\/categories?post=9456"},{"taxonomy":"post_tag","embeddable":true,"href":"https:\/\/www.correiodascidades.com.br\/v1\/wp-json\/wp\/v2\/tags?post=9456"}],"curies":[{"name":"wp","href":"https:\/\/api.w.org\/{rel}","templated":true}]}}