{"id":9478,"date":"2024-02-27T17:56:49","date_gmt":"2024-02-27T20:56:49","guid":{"rendered":"https:\/\/www.correiodascidades.com.br\/v1\/?p=9478"},"modified":"2024-02-27T22:49:46","modified_gmt":"2024-02-28T01:49:46","slug":"ilheus-a-codeba-anuncia-a-dragagem-do-porto","status":"publish","type":"post","link":"https:\/\/www.correiodascidades.com.br\/v1\/2024\/02\/27\/ilheus-a-codeba-anuncia-a-dragagem-do-porto\/","title":{"rendered":"ILH\u00c9US: A Codeba anuncia a dragagem do porto"},"content":{"rendered":"<p><img src=\"https:\/\/www.correiodascidades.com.br\/v1\/wp-content\/uploads\/2024\/02\/61d11026-42de-45f5-85fb-b18b0b131d2e-navio.jpg\" \/><\/p>\n<p>Na manh\u00e3 desta ter\u00e7a feira (27), o Gerente Geral da Codeba na cidade anunciou que a entidade vai realizar nos pr\u00f3ximos dias a t\u00e3o sonhada dragagem do Porto.<\/p>\n<p>A iniciativa se d\u00e1 atrav\u00e9s dos esfor\u00e7os em conjunto com outras institui\u00e7\u00f5es.<\/p>\n<p>Mauricio Galv\u00e3o, Gerente Regional da Companhia Docas do Estado da Bahia &#8211; em Ilh\u00e9us, reconhece a import\u00e2ncia do trabalho e lembra que sem a uni\u00e3o de todos as conquistas j\u00e1 mais ser\u00e3o poss\u00edveis.<\/p>\n<p>Ele disse que o servi\u00e7o anunciado servir\u00e1 para a aumentar a capacidade do instrumento porto, para os andamentos do dia a dia.<\/p>\n<p>&#8220;Temos um aparelho extremamente castigado que luta para ficar de p\u00e9&#8221; Disse Mauricio.\u00a0 Ele lembrou que o instrumento representa para a cidade em m\u00e9dia 25 por cento do que ela arrecada e que juntos somam esfor\u00e7os para o crescimento do mun\u00edcipio como um todo.\u00a0 <!--more--><\/p>\n<p>O porto de Ilh\u00e9us, no ano de 2023, teve um crescimento de 33% comparando-se a 2022. Foram 113 milh\u00f5es de movimenta\u00e7\u00f5es durante todo o ano.<\/p>\n<p>Isso foi poss\u00edvel mediante os esfor\u00e7os em conjunto de todos que trabalham pela exist\u00eancia do mesmo disse Mauricio.<\/p>\n<p>A dragagem ser\u00e1 feita dentro de um chamamento p\u00fablico realizado pela Codeba para as empresas que trabalham no setor com este tipo de funcionalidade, e que para isso j\u00e1 foi feito um preg\u00e3o chamando as empresas interessadas.<\/p>\n<p>Espera-se que as habilitadas possam demonstrar interesse pelo certame e levar\u00e1 aquela que for a melhor.<\/p>\n<p>De acordo com Mauricio, o servi\u00e7o ser\u00e1 de dragagem de a aprofundamento, mas ter\u00e1 uma outra que ser\u00e1 uma esp\u00e9cie de dragagem simples, ou dragagem de manuten\u00e7\u00e3o, leia-se.<\/p>\n<p><img loading=\"lazy\" class=\"alignnone size-full wp-image-9480\" src=\"https:\/\/www.correiodascidades.com.br\/v1\/wp-content\/uploads\/2024\/02\/356338fd-c895-42c9-a645-23c422ac1fe9-mauricio.jpg\" alt=\"\" width=\"500\" height=\"375\" srcset=\"https:\/\/www.correiodascidades.com.br\/v1\/wp-content\/uploads\/2024\/02\/356338fd-c895-42c9-a645-23c422ac1fe9-mauricio.jpg 500w, https:\/\/www.correiodascidades.com.br\/v1\/wp-content\/uploads\/2024\/02\/356338fd-c895-42c9-a645-23c422ac1fe9-mauricio-300x225.jpg 300w, https:\/\/www.correiodascidades.com.br\/v1\/wp-content\/uploads\/2024\/02\/356338fd-c895-42c9-a645-23c422ac1fe9-mauricio-400x300.jpg 400w\" sizes=\"(max-width: 500px) 100vw, 500px\" \/> (Foto) Mauricio Gav\u00e3o.<\/p>\n<p>Mauricio lembrou os esfor\u00e7os do Deputado Bebeto para a realiza\u00e7\u00e3o do mesmo quando era Deputado, das reuni\u00f5es feitas em Salvador, e lembrou tamb\u00e9m da solicita\u00e7\u00e3o do Vereador August\u00e3o pelo servi\u00e7o sem sua ida a cidade de Bras\u00edlia com uma comitiva, culminando na vinda de um secret\u00e1rio do governo Federal a cidade.<\/p>\n<p>Para Mauricio, esta luta j\u00e1 estava sendo feita, mas que a discurs\u00e3o politica serve de agregamento e base para o acontecimento em torno do Porto pois o mesmo tem vida p\u00fablica e \u00e9 regido pelas decis\u00f5es pol\u00edtico-democr\u00e1ticas<\/p>\n<p>\u201cO porto da cidade est\u00e1 todo assoreado dentro e fora e isso preocupa muito disse Mauricio, se a dragagem n\u00e3o for feita e de forma urgente n\u00e3o temos como continuar operando\u201d. Disse ele.<\/p>\n<p><img loading=\"lazy\" class=\"alignnone size-full wp-image-9481\" src=\"https:\/\/www.correiodascidades.com.br\/v1\/wp-content\/uploads\/2024\/02\/653723f2-586c-4b12-a400-1b5f927b66e9.jpg\" alt=\"\" width=\"450\" height=\"600\" srcset=\"https:\/\/www.correiodascidades.com.br\/v1\/wp-content\/uploads\/2024\/02\/653723f2-586c-4b12-a400-1b5f927b66e9.jpg 450w, https:\/\/www.correiodascidades.com.br\/v1\/wp-content\/uploads\/2024\/02\/653723f2-586c-4b12-a400-1b5f927b66e9-225x300.jpg 225w\" sizes=\"(max-width: 450px) 100vw, 450px\" \/><\/p>\n<p>Assim sendo esperamos que nos \u00faltimos meses as coisas j\u00e1 possam estarem acontecendo. Estamos trabalhando muito em prol disso.<\/p>\n<p>&nbsp;<\/p>\n","protected":false},"excerpt":{"rendered":"<p>Na manh\u00e3 desta ter\u00e7a feira (27), o Gerente Geral da Codeba na cidade anunciou que a entidade vai realizar nos pr\u00f3ximos dias a t\u00e3o sonhada dragagem do Porto. A iniciativa se d\u00e1 atrav\u00e9s dos esfor\u00e7os em conjunto com outras institui\u00e7\u00f5es. Mauricio Galv\u00e3o, Gerente Regional da Companhia Docas do Estado da Bahia &#8211; em Ilh\u00e9us, reconhece [&hellip;]<\/p>\n","protected":false},"author":3,"featured_media":9479,"comment_status":"closed","ping_status":"closed","sticky":false,"template":"","format":"standard","meta":{"_links_to":"","_links_to_target":""},"categories":[1],"tags":[],"_links":{"self":[{"href":"https:\/\/www.correiodascidades.com.br\/v1\/wp-json\/wp\/v2\/posts\/9478"}],"collection":[{"href":"https:\/\/www.correiodascidades.com.br\/v1\/wp-json\/wp\/v2\/posts"}],"about":[{"href":"https:\/\/www.correiodascidades.com.br\/v1\/wp-json\/wp\/v2\/types\/post"}],"author":[{"embeddable":true,"href":"https:\/\/www.correiodascidades.com.br\/v1\/wp-json\/wp\/v2\/users\/3"}],"replies":[{"embeddable":true,"href":"https:\/\/www.correiodascidades.com.br\/v1\/wp-json\/wp\/v2\/comments?post=9478"}],"version-history":[{"count":5,"href":"https:\/\/www.correiodascidades.com.br\/v1\/wp-json\/wp\/v2\/posts\/9478\/revisions"}],"predecessor-version":[{"id":9489,"href":"https:\/\/www.correiodascidades.com.br\/v1\/wp-json\/wp\/v2\/posts\/9478\/revisions\/9489"}],"wp:featuredmedia":[{"embeddable":true,"href":"https:\/\/www.correiodascidades.com.br\/v1\/wp-json\/wp\/v2\/media\/9479"}],"wp:attachment":[{"href":"https:\/\/www.correiodascidades.com.br\/v1\/wp-json\/wp\/v2\/media?parent=9478"}],"wp:term":[{"taxonomy":"category","embeddable":true,"href":"https:\/\/www.correiodascidades.com.br\/v1\/wp-json\/wp\/v2\/categories?post=9478"},{"taxonomy":"post_tag","embeddable":true,"href":"https:\/\/www.correiodascidades.com.br\/v1\/wp-json\/wp\/v2\/tags?post=9478"}],"curies":[{"name":"wp","href":"https:\/\/api.w.org\/{rel}","templated":true}]}}