{"id":9496,"date":"2024-02-28T11:25:32","date_gmt":"2024-02-28T14:25:32","guid":{"rendered":"https:\/\/www.correiodascidades.com.br\/v1\/?p=9496"},"modified":"2024-02-28T11:25:32","modified_gmt":"2024-02-28T14:25:32","slug":"ilheus-medicos-do-hospital-costa-do-cacau-paralisam-as-atividades-por-falta-de-pagamento","status":"publish","type":"post","link":"https:\/\/www.correiodascidades.com.br\/v1\/2024\/02\/28\/ilheus-medicos-do-hospital-costa-do-cacau-paralisam-as-atividades-por-falta-de-pagamento\/","title":{"rendered":"ILH\u00c9US: M\u00e9dicos do Hospital Costa do Cacau paralisam as atividades por falta de pagamento"},"content":{"rendered":"<p><img loading=\"lazy\" class=\"\" src=\"https:\/\/www.correiodascidades.com.br\/v1\/wp-content\/uploads\/2024\/02\/download-costa-1.jpeg\" width=\"394\" height=\"292\" \/><\/p>\n<p>Os m\u00e9dicos do Hospital Regional Costa do Cacau, resolveram depois de uma reuni\u00e3o em conjunto paralisarem sua atividades por falta de pagamento.<\/p>\n<p>Assim, os m\u00e9dicos que realizam as cirurgias ambulatoriais est\u00e3o de bra\u00e7os cruzados.<\/p>\n<p>De acordo com informa\u00e7\u00f5es dos pr\u00f3prios m\u00e9dicos alguns pagamentos est\u00e3o atrasados desde Novembro, outra informa\u00e7\u00e3o, d\u00e1 conta de que os fornecedores de alguns insumos \u00a0s\u00f3 est\u00e3o vendendo avista para o referido Hospital.<\/p>\n<p>Com rela\u00e7\u00e3o \u00e0s cirurgias, as mesmas est\u00e3o sendo remarcadas, por\u00e9m sem o dia certo de marca\u00e7\u00e3o.<\/p>\n<p>A paraliza\u00e7\u00e3o vai durar o tempo do repasse da verba dos m\u00e9dicos. Esta \u00e9 a situa\u00e7\u00e3o.<\/p>\n","protected":false},"excerpt":{"rendered":"<p>Os m\u00e9dicos do Hospital Regional Costa do Cacau, resolveram depois de uma reuni\u00e3o em conjunto paralisarem sua atividades por falta de pagamento. Assim, os m\u00e9dicos que realizam as cirurgias ambulatoriais est\u00e3o de bra\u00e7os cruzados. De acordo com informa\u00e7\u00f5es dos pr\u00f3prios m\u00e9dicos alguns pagamentos est\u00e3o atrasados desde Novembro, outra informa\u00e7\u00e3o, d\u00e1 conta de que os fornecedores [&hellip;]<\/p>\n","protected":false},"author":3,"featured_media":9499,"comment_status":"closed","ping_status":"closed","sticky":false,"template":"","format":"standard","meta":{"_links_to":"","_links_to_target":""},"categories":[42],"tags":[],"_links":{"self":[{"href":"https:\/\/www.correiodascidades.com.br\/v1\/wp-json\/wp\/v2\/posts\/9496"}],"collection":[{"href":"https:\/\/www.correiodascidades.com.br\/v1\/wp-json\/wp\/v2\/posts"}],"about":[{"href":"https:\/\/www.correiodascidades.com.br\/v1\/wp-json\/wp\/v2\/types\/post"}],"author":[{"embeddable":true,"href":"https:\/\/www.correiodascidades.com.br\/v1\/wp-json\/wp\/v2\/users\/3"}],"replies":[{"embeddable":true,"href":"https:\/\/www.correiodascidades.com.br\/v1\/wp-json\/wp\/v2\/comments?post=9496"}],"version-history":[{"count":1,"href":"https:\/\/www.correiodascidades.com.br\/v1\/wp-json\/wp\/v2\/posts\/9496\/revisions"}],"predecessor-version":[{"id":9500,"href":"https:\/\/www.correiodascidades.com.br\/v1\/wp-json\/wp\/v2\/posts\/9496\/revisions\/9500"}],"wp:featuredmedia":[{"embeddable":true,"href":"https:\/\/www.correiodascidades.com.br\/v1\/wp-json\/wp\/v2\/media\/9499"}],"wp:attachment":[{"href":"https:\/\/www.correiodascidades.com.br\/v1\/wp-json\/wp\/v2\/media?parent=9496"}],"wp:term":[{"taxonomy":"category","embeddable":true,"href":"https:\/\/www.correiodascidades.com.br\/v1\/wp-json\/wp\/v2\/categories?post=9496"},{"taxonomy":"post_tag","embeddable":true,"href":"https:\/\/www.correiodascidades.com.br\/v1\/wp-json\/wp\/v2\/tags?post=9496"}],"curies":[{"name":"wp","href":"https:\/\/api.w.org\/{rel}","templated":true}]}}