{"id":9595,"date":"2024-03-06T06:52:46","date_gmt":"2024-03-06T09:52:46","guid":{"rendered":"https:\/\/www.correiodascidades.com.br\/v1\/?p=9595"},"modified":"2024-03-06T06:52:46","modified_gmt":"2024-03-06T09:52:46","slug":"na-assembleia-legislativa-coelba-anuncia-investirmento-de-r-3-bi-na-bahia-este-ano","status":"publish","type":"post","link":"https:\/\/www.correiodascidades.com.br\/v1\/2024\/03\/06\/na-assembleia-legislativa-coelba-anuncia-investirmento-de-r-3-bi-na-bahia-este-ano\/","title":{"rendered":"Na Assembleia Legislativa, Coelba anuncia investirmento de R$ 3 bi na Bahia este ano"},"content":{"rendered":"<p><img loading=\"lazy\" class=\"\" src=\"https:\/\/www.correiodascidades.com.br\/v1\/wp-content\/uploads\/2024\/03\/IMG-20240305-WA0188.jpg\" width=\"555\" height=\"307\" \/><\/p>\n<p>As Comiss\u00f5es de Agricultura e Pol\u00edtica Rural e de Infraestrutura da Assembleia Legislativa da Bahia (ALBA) receberam nesta ter\u00e7a-feira (5) o diretor-presidente da Neoenergia Coelba, Thiago Freire Guth, e cobraram mais investimentos da concession\u00e1ria para melhorar a infraestrutura energ\u00e9tica em diversas regi\u00f5es do estado. Durante a reuni\u00e3o conjunta, deputados dos dois colegiados apontaram problemas existentes no Estado e apresentaram desafios para o desenvolvimento de diversos setores que dependem da energia.<\/p>\n<p>Durante o encontro, Thiago Guth anunciou que a concession\u00e1ria aumentar\u00e1 em 40% os investimentos para os pr\u00f3ximos quatro anos. Segundo ele, entre 2020 e 2023, foram investidos cerca de R$ 9,6 bilh\u00f5es na Bahia. Para o pr\u00f3ximo quadri\u00eanio, a meta da companhia \u00e9 investir R$ 13,3 bilh\u00f5es, sendo R$ 3 bilh\u00f5es em 2024. <!--more--><\/p>\n<p>O deputado estadual Manuel Rocha (Uni\u00e3o Brasil), presidente da Comiss\u00e3o de Agricultura, pontuou que, apesar dos investimentos feitos pela Neoenergia Coelba, ainda h\u00e1 uma inefici\u00eancia no servi\u00e7o prestado pela concession\u00e1ria. \u201cEsses n\u00fameros n\u00e3o apresentaram resultado na distribui\u00e7\u00e3o energ\u00e9tica no nosso Estado. Estamos falando de problemas graves, que dificultam o desenvolvimento de diversos setores, principalmente o agropecu\u00e1rio\u201d, salientou.<\/p>\n<p>Rocha lembrou que h\u00e1 projetos emperrados pela falta de investimentos e cobrou da concession\u00e1ria medidas para enfrentar os desafios. \u201cOs n\u00fameros de investimentos s\u00e3o robustos, mas precisamos ver o resultado disso na ponta, para as pessoas. No setor agropecu\u00e1rio, h\u00e1 problemas dos pequenos, m\u00e9dios e grandes produtores que dependem de maior infraestrutura energ\u00e9tica\u201d, frisou.<\/p>\n<p>O deputado estadual Eduardo Salles (PP), presidente da Comiss\u00e3o de Infraestrutura, ressaltou que a concess\u00e3o chegar\u00e1 a 27 anos em agosto deste ano e disse que ainda h\u00e1 muitos desafios. Ele citou, por exemplo, que 80% das liga\u00e7\u00f5es feitas s\u00e3o monof\u00e1sicas. \u201cN\u00f3s precisamos ligar uma pequena bomba, por exemplo, e n\u00e3o \u00e9 poss\u00edvel. Diversas atividades inerentes ao agro n\u00e3o podem ser efetivadas, porque a liga\u00e7\u00e3o \u00e9 monof\u00e1sica\u201d, afirmou.<\/p>\n<p>O parlamentar ainda criticou a presta\u00e7\u00e3o de servi\u00e7o da concession\u00e1ria. \u201cPrecisamos que a Coelba invista nessa liga\u00e7\u00e3o. Temos hoje um travamento. Temos diversas potencialidades. A Bahia \u00e9 grandiosa, mas ela anda h\u00e1 27 anos com o freio de m\u00e3o puxado\u201d, disse.<\/p>\n<p>*Investimentos* \u2013 Segundo Thiago Guth, os novos investimentos para os pr\u00f3ximos quatro anos v\u00e3o garantir a melhoria na presta\u00e7\u00e3o dos servi\u00e7os. \u201cS\u00e3o investimentos para acelerar novas conex\u00f5es, em especial um desafio ali da regi\u00e3o Oeste, mas tamb\u00e9m para trabalhar na melhoria da qualidade nas regi\u00f5es que ainda temos oportunidade para melhorar. Teremos mais 28 novas subesta\u00e7\u00f5es e a amplia\u00e7\u00e3o de mais 43 existentes. Ser\u00e3o 4 mil quil\u00f4metros de rede de m\u00e9dia e alta tens\u00e3o\u201d, revelou.<\/p>\n<p>Na regi\u00e3o Oeste, ainda de acordo com o presidente da companhia, ser\u00e3o dez novas subesta\u00e7\u00f5es e investimentos na amplia\u00e7\u00e3o de outras 16 existentes. Isso vai proporcionar 1.900 quil\u00f4metros de rede de alta e m\u00e9dia tens\u00e3o. \u201cIsso vai aumentar a capacidade energ\u00e9tica da regi\u00e3o em 70%\u201d, frisou. Na Regi\u00e3o Metropolitana de Salvador, ser\u00e3o oito novas subesta\u00e7\u00f5es e amplia\u00e7\u00e3o de outras sete existentes.<\/p>\n<p>Guth disse ainda que a companhia est\u00e1 finalizando a 11\u00aa etapa do Luz Para Todos e j\u00e1 submeteu ao Minist\u00e9rio de Minas e Energia a 12\u00aa etapa, que inclui 29 mil clientes.<\/p>\n","protected":false},"excerpt":{"rendered":"<p>As Comiss\u00f5es de Agricultura e Pol\u00edtica Rural e de Infraestrutura da Assembleia Legislativa da Bahia (ALBA) receberam nesta ter\u00e7a-feira (5) o diretor-presidente da Neoenergia Coelba, Thiago Freire Guth, e cobraram mais investimentos da concession\u00e1ria para melhorar a infraestrutura energ\u00e9tica em diversas regi\u00f5es do estado. Durante a reuni\u00e3o conjunta, deputados dos dois colegiados apontaram problemas existentes [&hellip;]<\/p>\n","protected":false},"author":3,"featured_media":9596,"comment_status":"closed","ping_status":"closed","sticky":false,"template":"","format":"standard","meta":{"_links_to":"","_links_to_target":""},"categories":[1],"tags":[],"_links":{"self":[{"href":"https:\/\/www.correiodascidades.com.br\/v1\/wp-json\/wp\/v2\/posts\/9595"}],"collection":[{"href":"https:\/\/www.correiodascidades.com.br\/v1\/wp-json\/wp\/v2\/posts"}],"about":[{"href":"https:\/\/www.correiodascidades.com.br\/v1\/wp-json\/wp\/v2\/types\/post"}],"author":[{"embeddable":true,"href":"https:\/\/www.correiodascidades.com.br\/v1\/wp-json\/wp\/v2\/users\/3"}],"replies":[{"embeddable":true,"href":"https:\/\/www.correiodascidades.com.br\/v1\/wp-json\/wp\/v2\/comments?post=9595"}],"version-history":[{"count":1,"href":"https:\/\/www.correiodascidades.com.br\/v1\/wp-json\/wp\/v2\/posts\/9595\/revisions"}],"predecessor-version":[{"id":9597,"href":"https:\/\/www.correiodascidades.com.br\/v1\/wp-json\/wp\/v2\/posts\/9595\/revisions\/9597"}],"wp:featuredmedia":[{"embeddable":true,"href":"https:\/\/www.correiodascidades.com.br\/v1\/wp-json\/wp\/v2\/media\/9596"}],"wp:attachment":[{"href":"https:\/\/www.correiodascidades.com.br\/v1\/wp-json\/wp\/v2\/media?parent=9595"}],"wp:term":[{"taxonomy":"category","embeddable":true,"href":"https:\/\/www.correiodascidades.com.br\/v1\/wp-json\/wp\/v2\/categories?post=9595"},{"taxonomy":"post_tag","embeddable":true,"href":"https:\/\/www.correiodascidades.com.br\/v1\/wp-json\/wp\/v2\/tags?post=9595"}],"curies":[{"name":"wp","href":"https:\/\/api.w.org\/{rel}","templated":true}]}}